{"id":8845,"date":"2017-06-21T00:22:00","date_gmt":"2017-06-21T03:22:00","guid":{"rendered":"https:\/\/blogs2.correiobraziliense.com.br\/aricunha\/?p=8845"},"modified":"2017-06-23T10:23:01","modified_gmt":"2017-06-23T13:23:01","slug":"carencia-de-projetos-causa-prejuizos","status":"publish","type":"post","link":"https:\/\/blogs2.correiobraziliense.com.br\/aricunha\/carencia-de-projetos-causa-prejuizos\/","title":{"rendered":"Car\u00eancia de projetos causa preju\u00edzos"},"content":{"rendered":"<p>&nbsp;<\/p>\n<p>Desde 1960<\/p>\n<p>com Circe Cunha e MAMFIL<\/p>\n<p>colunadoaricunha@gmail.com<\/p>\n<p><strong>\u00a0<\/strong>Se existe uma \u00e1rea no governo brasileiro que nunca funcionou a contento, sem d\u00favida, \u00e9 a de planejamento e projetos. Pior: a defici\u00eancia \u00e9 hist\u00f3rica e tem acarretado preju\u00edzos incont\u00e1veis aos contribuintes. Falar em projeto executivo em todas as etapas de uma obra exigiria, no m\u00ednimo, prever todos os custos at\u00e9 o \u00faltimo parafuso. Mas isso \u00e9 coisa de outro mundo para nossos governantes. Planejamento com esse n\u00edvel de detalhe nunca foi realizado. O resultado \u00e9 que o custo final da obra seria suficiente para erguer duas ou mais constru\u00e7\u00f5es. Vale lembrar que \u00e0s obras abandonadas n\u00e3o faltaram recursos p\u00fablicos para as empresas respons\u00e1veis.<\/p>\n<p>De certa forma, isso denota tamb\u00e9m um tipo muito peculiar de corrup\u00e7\u00e3o e que, obviamente, acaba debitado na conta dos pagadores de impostos. N\u00e3o se conhecem ainda estudos que mostram a correla\u00e7\u00e3o entre a falta de projetos detalhados e os preju\u00edzos decorrentes para os brasileiros. Todavia, \u00e0 guisa de exemplo, tome-se duas situa\u00e7\u00f5es bem atuais ocorridas aqui na capital que demonstram o qu\u00e3o carente ainda somos quando o assunto \u00e9 planejamento.<\/p>\n<p>Apenas nos \u00faltimos anos, o Distrito Federal deixou de receber do Fundo Constitucional (FCDF) R$ 480 milh\u00f5es justamente por n\u00e3o ter realizado os projetos destinados \u00e0 seguran\u00e7a da capital. Dessa forma, o dinheiro, que poderia ser utilizado para atender demandas do Corpo de Bombeiros, da Pol\u00edcia Militar e da Pol\u00edcia Civil, n\u00e3o p\u00f4de ser empregado nessas \u00e1reas, embora sejam mais do que conhecidas as car\u00eancias em seguran\u00e7a.<\/p>\n<p>O pior \u00e9 que a falta de projetos e de transpar\u00eancia na utiliza\u00e7\u00e3o de recursos obrigou o Tribunal de Contas da Uni\u00e3o (TCU) a retirar do GDF a gest\u00e3o desse Fundo. Noutro caso, o GDF deixou de receber R$ 415 milh\u00f5es, que seriam destinados \u00e0 compra de 10 trens para a Linha 1 do Metr\u00f4-DF, mais 10 ve\u00edculos leves sobre trilhos (VLTs), al\u00e9m de finalizar as obras das esta\u00e7\u00f5es 104, 106 e 110 Sul.<\/p>\n<p>Os dois valores somam R$ 1 bilh\u00e3o, desperdi\u00e7ado pela falta de projetos e de documenta\u00e7\u00e3o necess\u00e1ria. Trata-se de uma incompet\u00eancia dif\u00edcil de ser aceita para uma cidade carente de seguran\u00e7a, de transporte de massa e, sobretudo, de recursos.\u00a0 N\u00e3o tem explica\u00e7\u00e3o.<\/p>\n<p>&nbsp;<\/p>\n<p><strong>A frase que foi pronunciada<\/strong><\/p>\n<p><em>\u201c\u00c9 bom temer os profetas e aqueles que est\u00e3o dispostos a morrer pela verdade, pois far\u00e3o morrer muitos outros juntos com eles, ou no lugar deles.\u201d<\/em><\/p>\n<p>Umberto Eco, escritor italiano<\/p>\n<p>&nbsp;<\/p>\n<p><strong>Pr\u00eamio<\/strong><\/p>\n<p>\u00bb A Vale recebeu neste m\u00eas um pr\u00eamio na Indon\u00e9sia por Gest\u00e3o Ambiental em Minera\u00e7\u00e3o em 2016. O Pr\u00eamio Adhitama (Ouro) foi dado pelo Minist\u00e9rio de Energia e Recursos Minerais (ESDM) da Indon\u00e9sia. A Vale foi considerada a \u00fanica empresa com a melhor pr\u00e1tica de gest\u00e3o ambiental. Quem recebeu o pr\u00eamio foi o diretor-presidente da Vale na Indon\u00e9sia, Nico Kanter.<\/p>\n<p>&nbsp;<\/p>\n<p><strong>Declara\u00e7\u00e3o<\/strong><\/p>\n<p>\u00bb \u201cOs pr\u00eamios s\u00e3o um reconhecimento do nosso desempenho ambiental e, ao mesmo tempo, indicadores para melhorarmos o nosso trabalho. Para n\u00f3s, uma boa gest\u00e3o ambiental n\u00e3o \u00e9 uma opini\u00e3o, mas uma responsabilidade\u201d, disse Nico Kanter.<\/p>\n<p>&nbsp;<\/p>\n<p><strong>Na realidade<\/strong><\/p>\n<p>\u00bb Por falar em Vale, o rio Doce continua, depois de um ano, mergulhado na lama. A situa\u00e7\u00e3o dos atingidos permanece dram\u00e1tica. A Samarco, empresa controlada pela Vale e pela multinacional BHP, foi capaz de destruir um rio brasileiro, cuja ressurrei\u00e7\u00e3o est\u00e1 longe de acontecer.<\/p>\n<p>&nbsp;<\/p>\n<p><strong>Lava-Jato<\/strong><\/p>\n<p>\u00bb Daniel de Saboia Xavier, coordenador geral de Estrat\u00e9gias de Recupera\u00e7\u00e3o de Cr\u00e9ditos da PGFN, deu uma entrevista ao Estad\u00e3o com uma vis\u00e3o sensata do que est\u00e1 ocorrendo. Bandidos maus e bandidos bons s\u00e3o diferentes dos contribuintes que cumprem o dever como cidad\u00e3os. Por isso, se algu\u00e9m merece benef\u00edcio, com certeza, n\u00e3o s\u00e3o os bandidos.<\/p>\n<p>&nbsp;<\/p>\n<p><strong>Sinalizar<\/strong><\/p>\n<p>\u00bb Homens de preto que estacionam os carros de clientes do com\u00e9rcio nas entrequadras precisam de coletes refletores. In\u00fameras vezes motoristas s\u00e3o surpreendidos com a correria dos profissionais por uma vaga. Passam por tr\u00e1s dos autom\u00f3veis, atravessam a rua repentinamente e correm s\u00e9rio perigo.<\/p>\n<p>&nbsp;<\/p>\n<p><strong>Muda j\u00e1<\/strong><\/p>\n<p>\u00bb Quem v\u00ea as festas mais caras da cidade n\u00e3o imagina como funciona a parte que cabe aos empregados. Muitas noivas pagam para os empregados tamb\u00e9m fazerem refei\u00e7\u00f5es, mas os buf\u00eas n\u00e3o alimentam a equipe que trabalha. Os pr\u00f3prios gar\u00e7ons se sentem diminu\u00eddos tendo que servir os trabalhadores. \u00c9 uma quest\u00e3o cultural de corrup\u00e7\u00e3o e preconceito \u00e0 vista de todos, mas poucos enxergam.<\/p>\n<p>&nbsp;<\/p>\n<p><strong>Hist\u00f3ria de Bras\u00edlia<\/strong><\/p>\n<p>Ainda n\u00e3o foi escolhido o novo presidente do Banco do Nordeste. O presidente j\u00e1 teria recebido uma lista de candidatos, mas, pelo que se sabe, h\u00e1 muitos nomes que n\u00e3o suportariam o menor exame. (Publicado em 21\/9\/1961)<\/p>\n","protected":false},"excerpt":{"rendered":"<p>&nbsp; Desde 1960 com Circe Cunha e MAMFIL colunadoaricunha@gmail.com \u00a0Se existe uma \u00e1rea no governo brasileiro que nunca funcionou a contento, sem d\u00favida, \u00e9 a de planejamento e projetos. Pior: a defici\u00eancia \u00e9 hist\u00f3rica e tem acarretado preju\u00edzos incont\u00e1veis aos contribuintes. Falar em projeto executivo em todas as etapas de uma obra exigiria, no m\u00ednimo, [&hellip;]<\/p>\n","protected":false},"author":34,"featured_media":0,"comment_status":"closed","ping_status":"closed","sticky":false,"template":"","format":"standard","meta":{"wpb_read_more":[],"footnotes":""},"categories":[23],"tags":[],"class_list":["post-8845","post","type-post","status-publish","format-standard","hentry","category-integra"],"_links":{"self":[{"href":"https:\/\/blogs2.correiobraziliense.com.br\/aricunha\/wp-json\/wp\/v2\/posts\/8845","targetHints":{"allow":["GET"]}}],"collection":[{"href":"https:\/\/blogs2.correiobraziliense.com.br\/aricunha\/wp-json\/wp\/v2\/posts"}],"about":[{"href":"https:\/\/blogs2.correiobraziliense.com.br\/aricunha\/wp-json\/wp\/v2\/types\/post"}],"author":[{"embeddable":true,"href":"https:\/\/blogs2.correiobraziliense.com.br\/aricunha\/wp-json\/wp\/v2\/users\/34"}],"replies":[{"embeddable":true,"href":"https:\/\/blogs2.correiobraziliense.com.br\/aricunha\/wp-json\/wp\/v2\/comments?post=8845"}],"version-history":[{"count":1,"href":"https:\/\/blogs2.correiobraziliense.com.br\/aricunha\/wp-json\/wp\/v2\/posts\/8845\/revisions"}],"predecessor-version":[{"id":8846,"href":"https:\/\/blogs2.correiobraziliense.com.br\/aricunha\/wp-json\/wp\/v2\/posts\/8845\/revisions\/8846"}],"wp:attachment":[{"href":"https:\/\/blogs2.correiobraziliense.com.br\/aricunha\/wp-json\/wp\/v2\/media?parent=8845"}],"wp:term":[{"taxonomy":"category","embeddable":true,"href":"https:\/\/blogs2.correiobraziliense.com.br\/aricunha\/wp-json\/wp\/v2\/categories?post=8845"},{"taxonomy":"post_tag","embeddable":true,"href":"https:\/\/blogs2.correiobraziliense.com.br\/aricunha\/wp-json\/wp\/v2\/tags?post=8845"}],"curies":[{"name":"wp","href":"https:\/\/api.w.org\/{rel}","templated":true}]}}