{"id":8847,"date":"2017-06-22T01:23:40","date_gmt":"2017-06-22T04:23:40","guid":{"rendered":"https:\/\/blogs2.correiobraziliense.com.br\/aricunha\/?p=8847"},"modified":"2017-06-23T10:31:32","modified_gmt":"2017-06-23T13:31:32","slug":"eleicao-na-franca-mostra-uma-saida-possivel","status":"publish","type":"post","link":"https:\/\/blogs2.correiobraziliense.com.br\/aricunha\/eleicao-na-franca-mostra-uma-saida-possivel\/","title":{"rendered":"Elei\u00e7\u00e3o na Fran\u00e7a mostra uma sa\u00edda poss\u00edvel"},"content":{"rendered":"<p>&nbsp;<\/p>\n<p>Desde 1960<\/p>\n<p>com Circe Cunha e MAMFIL<\/p>\n<p>colunadoaricunha@gmail.com<\/p>\n<p><strong><br \/>\nElei\u00e7\u00e3o na Franca mostra uma sa\u00edda poss\u00edvel<\/strong><\/p>\n<p>N\u00e3o \u00e9 por acaso que a Fran\u00e7a permanece como refer\u00eancia cultural e pol\u00edtica para grande parte do mundo Ocidental. Ainda hoje o pa\u00eds tem sido um farol a iluminar os caminhos de outras na\u00e7\u00f5es, indicando que sempre pode haver veredas poss\u00edveis que conduzam ao fim das crises. Com a Revolu\u00e7\u00e3o 1789, os franceses mostraram ao mundo que existia uma forma de governo alternativa, mais segura e justa para substituir a monarquia absolutista de direito divino e os privil\u00e9gios odiosos de uma nobreza parasit\u00e1ria.<\/p>\n<p>Com a elei\u00e7\u00e3o, agora, de Emmanuel Macron e seu Rep\u00fablica em Marcha!, a Fran\u00e7a volta a surpreender o mundo e, principalmente, a Uni\u00e3o Europeia, que ensaiava um movimento de fechamento \u00e0 direita, elegendo, de modo incontest\u00e1vel, um jovem, com boa forma\u00e7\u00e3o universit\u00e1ria e experi\u00eancia na \u00e1rea financeira.<\/p>\n<p>Para conseguir esse feito, Macron apresentou, em sua plataforma de campanha, propostas que deixavam claro que o impasse pol\u00edtico, econ\u00f4mico e social em que a Fran\u00e7a havia se enveredado nos \u00faltimos anos era fruto direto do velho jeito de fazer pol\u00edtica. Foi dessa forma que o eleitorado franc\u00eas enxergou a elei\u00e7\u00e3o de Macron e deu a ele a maioria na Assembleia para mudar, mesmo apresentando propostas de reforma que pairavam no ar daquele pa\u00eds. Obviamente, ele ainda \u00e9 uma inc\u00f3gnita, mas, sem d\u00favida, algo que merece ser testado em meio ao caos para onde caminhava a Fran\u00e7a e a Europa rachada.<\/p>\n<p>Engana-se por\u00e9m quem acredita que Macron \u00e9 um simples salvador da p\u00e1tria. O jovem presidente franc\u00eas tem conte\u00fado e forma\u00e7\u00e3o consistentes. Ao se lan\u00e7ar fora das \u00f3rbitas dos partidos tradicionais, apesar de ter exercido o cargo de ministro da Economia do governo Hollande, Macron provou a tese de que \u00e9 poss\u00edvel caminhar para novo modelo de fazer pol\u00edtica fora dos meios habituais do populismo e do clientelismo.<\/p>\n<p>A quest\u00e3o francesa pode parecer estranha \u00e0 nossa realidade, mas tem muito a nos ensinar, principalmente neste momento de grave crise pol\u00edtica que atravessamos desde 2002 e que, agora, atingiu seu n\u00edvel mais cr\u00edtico com o governo Temer. As investiga\u00e7\u00f5es do Minist\u00e9rio P\u00fablico e da Pol\u00edcia Federal t\u00eam revelado aos brasileiros, de forma inconteste, que n\u00e3o podemos mais prosseguir com esses partidos pol\u00edticos que a\u00ed est\u00e3o, muito menos com a atual classe de pol\u00edticos.<\/p>\n<p>Descontados os devidos exageros, o que os brasileiros ora experimentam com esse modelo de rep\u00fablica \u00e9 justamente o que os franceses viveram pouco antes da Revolu\u00e7\u00e3o de 1789: uma casta de privilegiados, instalados no poder, blindados pela Justi\u00e7a e ungidos por um direito quase divino de governar, em nome do qual cometem todo o tipo de pecado, sem puni\u00e7\u00e3o e sem remorsos.<\/p>\n<p>&nbsp;<\/p>\n<p><strong>A frase que foi pronunciada<\/strong><\/p>\n<p><em>\u201c\u00c9 de causar indigna\u00e7\u00e3o ver representantes da burocracia oficial declamando que pagar impostos \u00e9 \u2018cidadania\u2019. Cidadania \u00e9 exatamente o contr\u00e1rio: \u00e9 550 controlarem os gastos do governo.\u201d<\/em><\/p>\n<p>Roberto Campos, economista brasileiro<\/p>\n<p>&nbsp;<\/p>\n<p><strong>Release<\/strong><\/p>\n<p>Caf\u00e9 e leitura: uma dupla imbat\u00edvel. Pensando nisso, a 33\u00aa Feira do Livro de Bras\u00edlia realiza, \u00e0s 15h de hoje, no P\u00e1tio Brasil, a oficina O caf\u00e9 nosso de cada dia, com a barista e advogada Andrea Lemke. A oficina oferecer\u00e1 dicas pr\u00e1ticas para o preparo do bom caf\u00e9, com inscri\u00e7\u00f5es gratuitas para 20 vagas aos primeiros que enviarem E-mail para feiradolivrodebrasilia2017@gmail.com<\/p>\n<p>&nbsp;<\/p>\n<p><strong>Infra\u00e7\u00e3o<\/strong><\/p>\n<p>Cresce o n\u00famero de infra\u00e7\u00e3o grav\u00edssima. Carros de pol\u00edcia ou do Detran bem posicionados flagram, cada vez mais, motoristas usando o celular enquanto dirigem. Nem na parada do sinal \u00e9 permitido o uso do aparelho. A multa \u00e9 de quase R$ 300 e sete pontos na carteira.<\/p>\n<p>&nbsp;<\/p>\n<p><strong>Tudo ou nada<\/strong><\/p>\n<p>Governador Rollemberg est\u00e1 com a faca e o queijo na m\u00e3o. Exatamente como Lula esteve. Se acertar e transformar o Hospital de Base em modelo de gest\u00e3o, deixar\u00e1 sua marca positiva at\u00e9 para voos mais altos. O que Bras\u00edlia precisa fazer \u00e9 se unir pelo melhor. E o melhor \u00e9 o que vai melhorar o atendimento \u00e0 popula\u00e7\u00e3o.<\/p>\n<p>&nbsp;<\/p>\n<p><strong>Mais uma<\/strong><\/p>\n<p>Eduardo Cunha surpreende mais uma vez. Indica o presidente Michel Temer como testemunha em casos da Caixa que tratam de\u00a0 a\u00e7\u00f5es penais sobre opera\u00e7\u00f5es que investigam suspeitas de irregularidades.<\/p>\n<p>&nbsp;<\/p>\n<p><strong>Observador.pt<\/strong><\/p>\n<p>Rold\u00e3o Simas nos envia sugest\u00e3o para navegar. No s\u00edtio que intitula esta nota, os leitores podem se deliciar com o texto Coisas que o mundo inteiro deveria aprender com Portugal, assinado por Ruth Manus. \u201cO mundo n\u00e3o deveria deixar o passado escoar t\u00e3o rapidamente por entre os dedos.\u201d E, depois, sai da tradi\u00e7\u00e3o e adverte: \u201cO deputado Jair Bolsonaro, que defende ideias piores que as de Donald Trump, emergiu como piada e, hoje, se fortalece como descuido no nosso cen\u00e1rio pol\u00edtico. Nem Bolsonaro nem Trump passariam em Portugal. Os portugueses \u2014 de direita ou de esquerda \u2014 n\u00e3o riem desse tipo de figura, nem permitem que elas flores\u00e7am.\u201d<\/p>\n<p>&nbsp;<\/p>\n<p><strong>Hist\u00f3ria de Bras\u00edlia<\/strong><\/p>\n<p>O Banco do Nordeste, com a influ\u00eancia que tem em toda a regi\u00e3o, merece ser entregue a quem valha como honestidade e trabalho, evitando-se os favoritismos pol\u00edticos. (Publicada em 29\/9\/2017)<\/p>\n","protected":false},"excerpt":{"rendered":"<p>&nbsp; Desde 1960 com Circe Cunha e MAMFIL colunadoaricunha@gmail.com Elei\u00e7\u00e3o na Franca mostra uma sa\u00edda poss\u00edvel N\u00e3o \u00e9 por acaso que a Fran\u00e7a permanece como refer\u00eancia cultural e pol\u00edtica para grande parte do mundo Ocidental. Ainda hoje o pa\u00eds tem sido um farol a iluminar os caminhos de outras na\u00e7\u00f5es, indicando que sempre pode haver [&hellip;]<\/p>\n","protected":false},"author":34,"featured_media":0,"comment_status":"closed","ping_status":"closed","sticky":false,"template":"","format":"standard","meta":{"wpb_read_more":[],"footnotes":""},"categories":[23],"tags":[],"class_list":["post-8847","post","type-post","status-publish","format-standard","hentry","category-integra"],"_links":{"self":[{"href":"https:\/\/blogs2.correiobraziliense.com.br\/aricunha\/wp-json\/wp\/v2\/posts\/8847","targetHints":{"allow":["GET"]}}],"collection":[{"href":"https:\/\/blogs2.correiobraziliense.com.br\/aricunha\/wp-json\/wp\/v2\/posts"}],"about":[{"href":"https:\/\/blogs2.correiobraziliense.com.br\/aricunha\/wp-json\/wp\/v2\/types\/post"}],"author":[{"embeddable":true,"href":"https:\/\/blogs2.correiobraziliense.com.br\/aricunha\/wp-json\/wp\/v2\/users\/34"}],"replies":[{"embeddable":true,"href":"https:\/\/blogs2.correiobraziliense.com.br\/aricunha\/wp-json\/wp\/v2\/comments?post=8847"}],"version-history":[{"count":1,"href":"https:\/\/blogs2.correiobraziliense.com.br\/aricunha\/wp-json\/wp\/v2\/posts\/8847\/revisions"}],"predecessor-version":[{"id":8848,"href":"https:\/\/blogs2.correiobraziliense.com.br\/aricunha\/wp-json\/wp\/v2\/posts\/8847\/revisions\/8848"}],"wp:attachment":[{"href":"https:\/\/blogs2.correiobraziliense.com.br\/aricunha\/wp-json\/wp\/v2\/media?parent=8847"}],"wp:term":[{"taxonomy":"category","embeddable":true,"href":"https:\/\/blogs2.correiobraziliense.com.br\/aricunha\/wp-json\/wp\/v2\/categories?post=8847"},{"taxonomy":"post_tag","embeddable":true,"href":"https:\/\/blogs2.correiobraziliense.com.br\/aricunha\/wp-json\/wp\/v2\/tags?post=8847"}],"curies":[{"name":"wp","href":"https:\/\/api.w.org\/{rel}","templated":true}]}}