{"id":8849,"date":"2017-06-23T02:31:51","date_gmt":"2017-06-23T05:31:51","guid":{"rendered":"https:\/\/blogs2.correiobraziliense.com.br\/aricunha\/?p=8849"},"modified":"2017-06-23T10:34:18","modified_gmt":"2017-06-23T13:34:18","slug":"etica-e-necessaria-ao-desenvolvimento","status":"publish","type":"post","link":"https:\/\/blogs2.correiobraziliense.com.br\/aricunha\/etica-e-necessaria-ao-desenvolvimento\/","title":{"rendered":"\u00c9tica \u00e9 necess\u00e1ria ao desenvolvimento"},"content":{"rendered":"<p>Desde 1960<\/p>\n<p>com Circe Cunha e MAMFIL<\/p>\n<p>colunadoaricunha@gmail.com<\/p>\n<p>&nbsp;<\/p>\n<p>Imposs\u00edvel n\u00e3o enxergar, neste momento em que o pa\u00eds experimenta o extremo de seu fosso, em rela\u00e7\u00e3o \u00e0 intensifica\u00e7\u00e3o das crises pol\u00edtica, econ\u00f4mica e social, a enorme janela de oportunidades que se abre para a entrada da luz no quarto do gigante adormecido desde 1500 em ber\u00e7o espl\u00eandido. A come\u00e7ar pela reforma pol\u00edtica, catalisada pela a\u00e7\u00e3o da pol\u00edcia e das investiga\u00e7\u00f5es ainda em curso. Com a devida condu\u00e7\u00e3o ao catre dos meliantes. travestidos de pol\u00edticos profissionais, restam, al\u00e9m da introdu\u00e7\u00e3o de novo modelo de democracia representativa, com novos atores \u2014 inclusive sem filia\u00e7\u00e3o partid\u00e1ria obrigat\u00f3ria \u2014 a reconfigura\u00e7\u00e3o de um Estado em provedor da justi\u00e7a e do bem-estar social, n\u00e3o um Estado fabricante de bens de consumo.<\/p>\n<p>\u00c9 justamente esse \u201cEstado-empres\u00e1rio\u201d, a servi\u00e7o das elites pol\u00edticas e empresariais, que a sociedade tem de empurrar, de vez, para o precip\u00edcio. O problema com as reformas estruturais \u00e9 que elas est\u00e3o em m\u00e3os de pessoas seriamente envolvidas em delitos criminosos de toda a ordem e, portanto, perderam completamente a credibilidade e legitimidade para representar os eleitores.<\/p>\n<p>Nesse sentido, n\u00e3o \u00e9 exagero afirmar que o nosso Legislativo vive hoje um momento de enorme contradi\u00e7\u00e3o, com os pol\u00edticos sendo obrigados, pela conjuntura, a serrar o enorme galho em que, por d\u00e9cadas, est\u00e3o confortavelmente sentados e de onde contemplam a popula\u00e7\u00e3o, transformada em formigas. Mesmo com todos esses trope\u00e7os, algumas reformas v\u00e3o se destacando no horizonte, premidas pelo esgotamento de velhos modelos e pela realidade acachapante do momento.<\/p>\n<p>Entre esses novos modelos \u00e0 vista, destaca-se, sobretudo, a reforma trabalhista, essencial n\u00e3o s\u00f3 para o desenvolvimento do pa\u00eds, mas para sua inser\u00e7\u00e3o em mundo em forte transforma\u00e7\u00e3o, a come\u00e7ar pela moderniza\u00e7\u00e3o das leis, aproximando capital e trabalho, de modo que essas diferen\u00e7as sejam equacionadas a partir dos pontos de semelhan\u00e7a.<\/p>\n<p>Nesse sentido, ser\u00e3o exigidas tamb\u00e9m uma legisla\u00e7\u00e3o que promova, sobremaneira, o sentido da \u00e9tica. Nesse ponto, toda a mudan\u00e7a almejada \u00e9 detida. Antes da \u00e9tica e de qualquer mudan\u00e7a, \u00e9 preciso educa\u00e7\u00e3o de base, que ensine, entre outras coisas, o sentido da \u00e9tica para o desenvolvimento do pa\u00eds, em todos os seus aspectos pol\u00edticos, econ\u00f4micos e sociais.<\/p>\n<p>Reduzidos a um ponto de origem comum, o que podemos notar, nesses tempos de Lava-Jato, \u00e9 que todas as nossas mazelas, desde sempre, vieram da mesma fonte da falta de \u00e9tica. \u00c0 falta de \u00e9tica podemos debitar grande parte de nosso subdesenvolvimento. Por isso, antes de mudarmos o modelo de Estado democr\u00e1tico de direito, devemos mudar o homem ainda quando crian\u00e7a. Quando ainda h\u00e1 tempo.<\/p>\n<p>&nbsp;<\/p>\n<p><strong>A frase que foi pronunciada<\/strong><\/p>\n<p><em>\u201cAbaixo o capitalismo!!! Abaixo o lucro a qualquer pre\u00e7o!\u201d<\/em><\/p>\n<p>Na parede da Rodovi\u00e1ria do Plano Piloto<\/p>\n<p>&nbsp;<\/p>\n<p><strong>Inadimpl\u00eancia<\/strong><\/p>\n<p>Renato Mendes Prestes nos escreve e refor\u00e7a a reclama\u00e7\u00e3o feita nesta coluna sobre os telefones dos postos de sa\u00fade da cidade. Esclarece que ningu\u00e9m consegue informa\u00e7\u00e3o nos postos porque h\u00e1 2 anos n\u00e3o pagam a conta telef\u00f4nica.<\/p>\n<p>&nbsp;<\/p>\n<p><strong>Boa ideia<\/strong><\/p>\n<p>Feita a assinatura de termo de coopera\u00e7\u00e3o entre a Secretaria de Justi\u00e7a e a Infram\u00e9rica para a instala\u00e7\u00e3o de um posto do Na Hora, no Aeroporto Internacional de Bras\u00edlia.<\/p>\n<p>&nbsp;<\/p>\n<p><strong>Compreens\u00edvel<\/strong><\/p>\n<p>As imagens de uma mulher arrebentando uma Unidade de Pronto Atendimento \u00e9 bem diferente de um black block. Com um familiar doente, poucos m\u00e9dicos para atender e a triagem deixando a consulta cada vez mais longe, ela se desesperou. Quem deveria ser condenado na cena \u00e9 o Estado por n\u00e3o cumprir a Constitui\u00e7\u00e3o. Ela chamou a aten\u00e7\u00e3o para um direito suprimido pelo Leviat\u00e3.<\/p>\n<p>&nbsp;<\/p>\n<p><strong>Deu na imprensa<\/strong><\/p>\n<p>Vem dando pano para manga o pedido da Advocacia-Geral da Uni\u00e3o para que o plen\u00e1rio do Tribunal de Contas da Uni\u00e3o avalie a possibilidade de decretar a indisponibilidade de bens dos respons\u00e1veis pelas opera\u00e7\u00f5es da JBS junto ao BNDES. A den\u00fancia partiu de um servidor.<\/p>\n<p>&nbsp;<\/p>\n<p><strong>Contribui\u00e7\u00e3o Sindical<\/strong><\/p>\n<p>S\u00f3 h\u00e1 uma maneira de Antonio Neto, Adilson Ara\u00fajo, Vagner Freitas, Paulinho da For\u00e7a, Ricardo Patah e Jos\u00e9 Calixto convencerem seus filiados que realmente lutam pela unidade da classe trabalhadora contra a retirada dos direitos sociais. \u00c9 defender a liberdade do filiado de permitir, ou n\u00e3o, o desconto em seu contracheque da contribui\u00e7\u00e3o sindical. Contribui\u00e7\u00e3o \u00e9 manifesta\u00e7\u00e3o da vontade, n\u00e3o imposi\u00e7\u00e3o.<\/p>\n<p>&nbsp;<\/p>\n<p><strong>Cumpra-se<\/strong><\/p>\n<p>A Lei 5.534\/2015 permite n\u00e3o s\u00f3 a presen\u00e7a do pai na sala de parto, mas tamb\u00e9m de uma doula. A lei instituiu o Estatuto do Parto Humanizado no DF tanto para hospitais p\u00fablicos quanto para as unidades particulares. A doula precisa de registro no Minist\u00e9rio do Trabalho. Ela d\u00e1 assist\u00eancia desde a gravidez, parto at\u00e9 a amamenta\u00e7\u00e3o.<\/p>\n<p>&nbsp;<\/p>\n<p><strong>Hist\u00f3ria de Bras\u00edlia<\/strong><\/p>\n<p>A atual diretoria, facciosa e politiqueira, est\u00e1 desmerecendo o prest\u00edgio do Banco. Vale lembrar um incidente que esta coluna teve com o Presidente J\u00e2nio Quadros, por causa de falsas informa\u00e7\u00f5es vindas de Fortaleza. (Publicado em 29\/9\/1961)<\/p>\n<p>&nbsp;<\/p>\n<p>&nbsp;<\/p>\n","protected":false},"excerpt":{"rendered":"<p>Desde 1960 com Circe Cunha e MAMFIL colunadoaricunha@gmail.com &nbsp; Imposs\u00edvel n\u00e3o enxergar, neste momento em que o pa\u00eds experimenta o extremo de seu fosso, em rela\u00e7\u00e3o \u00e0 intensifica\u00e7\u00e3o das crises pol\u00edtica, econ\u00f4mica e social, a enorme janela de oportunidades que se abre para a entrada da luz no quarto do gigante adormecido desde 1500 em [&hellip;]<\/p>\n","protected":false},"author":34,"featured_media":0,"comment_status":"closed","ping_status":"closed","sticky":false,"template":"","format":"standard","meta":{"wpb_read_more":[],"footnotes":""},"categories":[23],"tags":[],"class_list":["post-8849","post","type-post","status-publish","format-standard","hentry","category-integra"],"_links":{"self":[{"href":"https:\/\/blogs2.correiobraziliense.com.br\/aricunha\/wp-json\/wp\/v2\/posts\/8849","targetHints":{"allow":["GET"]}}],"collection":[{"href":"https:\/\/blogs2.correiobraziliense.com.br\/aricunha\/wp-json\/wp\/v2\/posts"}],"about":[{"href":"https:\/\/blogs2.correiobraziliense.com.br\/aricunha\/wp-json\/wp\/v2\/types\/post"}],"author":[{"embeddable":true,"href":"https:\/\/blogs2.correiobraziliense.com.br\/aricunha\/wp-json\/wp\/v2\/users\/34"}],"replies":[{"embeddable":true,"href":"https:\/\/blogs2.correiobraziliense.com.br\/aricunha\/wp-json\/wp\/v2\/comments?post=8849"}],"version-history":[{"count":1,"href":"https:\/\/blogs2.correiobraziliense.com.br\/aricunha\/wp-json\/wp\/v2\/posts\/8849\/revisions"}],"predecessor-version":[{"id":8850,"href":"https:\/\/blogs2.correiobraziliense.com.br\/aricunha\/wp-json\/wp\/v2\/posts\/8849\/revisions\/8850"}],"wp:attachment":[{"href":"https:\/\/blogs2.correiobraziliense.com.br\/aricunha\/wp-json\/wp\/v2\/media?parent=8849"}],"wp:term":[{"taxonomy":"category","embeddable":true,"href":"https:\/\/blogs2.correiobraziliense.com.br\/aricunha\/wp-json\/wp\/v2\/categories?post=8849"},{"taxonomy":"post_tag","embeddable":true,"href":"https:\/\/blogs2.correiobraziliense.com.br\/aricunha\/wp-json\/wp\/v2\/tags?post=8849"}],"curies":[{"name":"wp","href":"https:\/\/api.w.org\/{rel}","templated":true}]}}