{"id":8884,"date":"2017-07-08T10:11:38","date_gmt":"2017-07-08T13:11:38","guid":{"rendered":"https:\/\/blogs2.correiobraziliense.com.br\/aricunha\/?p=8884"},"modified":"2017-07-21T10:12:39","modified_gmt":"2017-07-21T13:12:39","slug":"lixo-e-uma-responsabilidade-tambem-da-populacao","status":"publish","type":"post","link":"https:\/\/blogs2.correiobraziliense.com.br\/aricunha\/lixo-e-uma-responsabilidade-tambem-da-populacao\/","title":{"rendered":"Lixo \u00e9 uma responsabilidade tamb\u00e9m da popula\u00e7\u00e3o"},"content":{"rendered":"<p>Desde 1960<\/p>\n<p>com Circe Cunha e MAMFIL<\/p>\n<p>colunadoaricunha@gmail.com<\/p>\n<p>Passados quase tr\u00eas s\u00e9culos da Revolu\u00e7\u00e3o Industrial, uma das grandes encruzilhadas \u2013 talvez a maior de todas deparadas hoje pela humanidade \u2013 \u00e9 a administra\u00e7\u00e3o de toneladas de lixo e outros rejeitos derivados da acelera\u00e7\u00e3o na produ\u00e7\u00e3o de bens de consumo que acompanha o crescimento acelerado da popula\u00e7\u00e3o.<\/p>\n<p>Apesar de os pa\u00edses desenvolvidos empreenderem campanhas massivas para minorar o problema, o fato \u00e9 que o subproduto das sociedades de consumo vai se tornando um problema de dimens\u00f5es globais, afetando todo o planeta e o futuro da pr\u00f3pria humanidade.<\/p>\n<p>No Brasil s\u00e3o gerados aproximadamente 65 milh\u00f5es de toneladas de res\u00edduos a cada ano, quantidade que daria para encher a quase totalidade dos est\u00e1dios de futebol existentes no pa\u00eds. No Distrito Federal, diariamente, s\u00e3o recolhidas 3 mil toneladas de lixo, tornando a capital o terceiro maior gerador de res\u00edduos do territ\u00f3rio nacional.<\/p>\n<p>N\u00e3o \u00e9 pouca coisa, e ainda por cima \u00e9 mal gerenciado, principalmente com rela\u00e7\u00e3o \u00e0 destina\u00e7\u00e3o final e ao reprocessamento. Reportagem apresentada pelo Correio, em janeiro, mostrou que mesmo depois de 24 anos de promulgada a Lei Distrital n\u00ba 462, o DF ainda n\u00e3o implementou a reciclagem adequada de res\u00edduos s\u00f3lidos, o que tem gerado, al\u00e9m de danos irrepar\u00e1veis ao meio ambiente, preju\u00edzos de grande monta a cada ano.<\/p>\n<p>C\u00e1lculos do Instituto Brasileiro de Geografia e Estat\u00edstica (IBGE) e do Instituto de Pesquisa Econ\u00f4mica Aplicada (IPEA) d\u00e3o conta de que o Brasil perde R$ 8 bilh\u00f5es a cada ano, por enterrar o lixo que poderia ser reaproveitado. Caso o DF reciclasse a metade dos res\u00edduos que produz, poderia gerar 60 mil novos empregos diretos e outros 100 mil indiretos, al\u00e9m de uma receita de R$ 250 milh\u00f5es a cada ano.<\/p>\n<p>O novo Aterro Sanit\u00e1rio de Bras\u00edlia, em Samambaia, inaugurado este ano, com capacidade para receber 900 toneladas de lixo\/dia, ou um ter\u00e7o do que \u00e9 produzido em todo o DF, apesar de ser o maior da Am\u00e9rica Latina, \u00e9 insuficiente para resolver tamanho problema.<\/p>\n<p>A desativa\u00e7\u00e3o definitiva do Lix\u00e3o da Estrutural \u00e9 incerta e talvez nunca ocorra de fato. Naquela localidade, cerca de duas mil fam\u00edlias sobrevivem da coleta de res\u00edduos. Al\u00e9m dessa massa humana que tira seu sustento diretamente do lixo urbano em grandes dep\u00f3sitos a c\u00e9u aberto, outros 3 mil catadores circulam e se aglomeram, de forma prec\u00e1ria, por diversos pontos da cidade, coletando todo o tipo de material recicl\u00e1vel. Grande parte dessa popula\u00e7\u00e3o, vive em condi\u00e7\u00f5es degradantes.<\/p>\n<p>A solu\u00e7\u00e3o para um problema dessa propor\u00e7\u00e3o \u00e9 do conhecimento das autoridades h\u00e1 muito tempo e passa necessariamente pela constru\u00e7\u00e3o de uma infinidade de galp\u00f5es para a sele\u00e7\u00e3o e triagem do lixo e pela qualifica\u00e7\u00e3o da m\u00e3o de obra para este servi\u00e7o. Na outra ponta, h\u00e1 ainda um imenso trabalho a ser feito na educa\u00e7\u00e3o da popula\u00e7\u00e3o, n\u00e3o s\u00f3 com rela\u00e7\u00e3o \u00e0 sele\u00e7\u00e3o e descarte de cada tipo de lixo no lugar e na hora certa, mas, num processo maior que envolve a conscientiza\u00e7\u00e3o das pessoas para os perigos do consumismo desenfreado e para a necessidade de reaproveitamento dos bens, de modo a reduzir, substancialmente, a quantidade de res\u00edduos gerados por cada indiv\u00edduo. A quest\u00e3o do lixo, obviamente, \u00e9 de todos que geram lixo, indistintamente.<\/p>\n<p>&nbsp;<\/p>\n<p><strong>A frase que n\u00e3o foi pronunciada<\/strong><\/p>\n<p><em>\u201cLiberdade tem pre\u00e7o?\u201d<\/em><\/p>\n<p>T\u00edtulo sugerido para um livro sobre a opera\u00e7\u00e3o Lava-Jato<\/p>\n<p>&nbsp;<\/p>\n<p><strong>Tr\u00e2nsito<\/strong><\/p>\n<p>\u00bb Dos R$ 8,69 bilh\u00f5es arrecadados com o pagamento do seguro DPVAT, R$ 4,3 bilh\u00f5es (50%) s\u00e3o destinados diretamente \u00e0 Uni\u00e3o. A Uni\u00e3o repassa 5% desse montante, como manda a lei, ao Denatran. Essa verba leva a rubrica para a cria\u00e7\u00e3o de campanhas educativas sobre o tr\u00e2nsito. Os 45% s\u00e3o destinados ao SUS, ou seja R$ 3,9 bilh\u00f5es. Os outros 50% restantes s\u00e3o utilizados para custeio de opera\u00e7\u00f5es do seguro em todo o Brasil, como pagamentos das indeniza\u00e7\u00f5es, forma\u00e7\u00e3o de reservas t\u00e9cnicas (atividade inerente a todo mercado segurador), que somaram R$ 4,3 bilh\u00f5es no per\u00edodo.<\/p>\n<p>&nbsp;<\/p>\n<p><strong>Aten\u00e7\u00e3o, DF<\/strong><\/p>\n<p>\u00bb A terceira audi\u00eancia p\u00fablica LUOS ser\u00e1 em 15 de julho, \u00e0s 9h no Audit\u00f3rio da Unidade Acad\u00eamica \u2013 UAC da Universidade de Bras\u00edlia Campus UNB \u2013 Ceil\u00e2ndia, AE, Setor N QNN 14 Conjunto O, Ceil\u00e2ndia Sul, Bras\u00edlia. A presen\u00e7a na reuni\u00e3o passada foi maci\u00e7a. \u00c9 bom ficar de olho para exercer a cidadania.<\/p>\n<p>&nbsp;<\/p>\n<p><strong>Doa\u00e7\u00f5es<\/strong><\/p>\n<p>\u00bb S\u00e3o Vicente de Paulo (\u00c1rea Especial n\u00ba 01, Taguatinga Sul), hospital p\u00fablico que atende demandas psiqui\u00e1tricas e de depend\u00eancia qu\u00edmica, precisa de chinelos para os internos. Muitos pacientes s\u00e3o abandonados pela fam\u00edlia, por isso necessitam da solidariedade da popula\u00e7\u00e3o. Quem coordena a campanha \u00e9 Mariana (cel. 981566585).<\/p>\n<p>&nbsp;<\/p>\n<p><strong>Vai ou n\u00e3o vai<\/strong><\/p>\n<p>\u00bb O PSDB continua com o p\u00e9 em dois barcos. Do PMDB, o deputado e ex-senador Jarbas Vasconcelos j\u00e1 escancarou o que pensa. E olha que ele \u00e9 do partido da situa\u00e7\u00e3o.<\/p>\n<p>&nbsp;<\/p>\n<p><strong>Hist\u00f3ria de Bras\u00edlia<\/strong><\/p>\n<p>Causou muita encrenca uma nota publicada nesta coluna, segundo a qual um grupo de senhoras estava fazendo a \u201cind\u00fastria da caridade\u201d. Eu n\u00e3o quero inimizades, nem comprar briga, mas at\u00e9 hoje n\u00e3o funcionou a \u201cCreche Ana Paula\u201d, inaugurada em agosto. (Publicada em 30\/09\/1961)<\/p>\n","protected":false},"excerpt":{"rendered":"<p>Desde 1960 com Circe Cunha e MAMFIL colunadoaricunha@gmail.com Passados quase tr\u00eas s\u00e9culos da Revolu\u00e7\u00e3o Industrial, uma das grandes encruzilhadas \u2013 talvez a maior de todas deparadas hoje pela humanidade \u2013 \u00e9 a administra\u00e7\u00e3o de toneladas de lixo e outros rejeitos derivados da acelera\u00e7\u00e3o na produ\u00e7\u00e3o de bens de consumo que acompanha o crescimento acelerado da [&hellip;]<\/p>\n","protected":false},"author":34,"featured_media":0,"comment_status":"closed","ping_status":"closed","sticky":false,"template":"","format":"standard","meta":{"wpb_read_more":[],"footnotes":""},"categories":[23],"tags":[],"class_list":["post-8884","post","type-post","status-publish","format-standard","hentry","category-integra"],"_links":{"self":[{"href":"https:\/\/blogs2.correiobraziliense.com.br\/aricunha\/wp-json\/wp\/v2\/posts\/8884","targetHints":{"allow":["GET"]}}],"collection":[{"href":"https:\/\/blogs2.correiobraziliense.com.br\/aricunha\/wp-json\/wp\/v2\/posts"}],"about":[{"href":"https:\/\/blogs2.correiobraziliense.com.br\/aricunha\/wp-json\/wp\/v2\/types\/post"}],"author":[{"embeddable":true,"href":"https:\/\/blogs2.correiobraziliense.com.br\/aricunha\/wp-json\/wp\/v2\/users\/34"}],"replies":[{"embeddable":true,"href":"https:\/\/blogs2.correiobraziliense.com.br\/aricunha\/wp-json\/wp\/v2\/comments?post=8884"}],"version-history":[{"count":1,"href":"https:\/\/blogs2.correiobraziliense.com.br\/aricunha\/wp-json\/wp\/v2\/posts\/8884\/revisions"}],"predecessor-version":[{"id":8885,"href":"https:\/\/blogs2.correiobraziliense.com.br\/aricunha\/wp-json\/wp\/v2\/posts\/8884\/revisions\/8885"}],"wp:attachment":[{"href":"https:\/\/blogs2.correiobraziliense.com.br\/aricunha\/wp-json\/wp\/v2\/media?parent=8884"}],"wp:term":[{"taxonomy":"category","embeddable":true,"href":"https:\/\/blogs2.correiobraziliense.com.br\/aricunha\/wp-json\/wp\/v2\/categories?post=8884"},{"taxonomy":"post_tag","embeddable":true,"href":"https:\/\/blogs2.correiobraziliense.com.br\/aricunha\/wp-json\/wp\/v2\/tags?post=8884"}],"curies":[{"name":"wp","href":"https:\/\/api.w.org\/{rel}","templated":true}]}}