{"id":6514,"date":"2022-01-08T17:41:20","date_gmt":"2022-01-08T20:41:20","guid":{"rendered":"https:\/\/blogs2.correiobraziliense.com.br\/capital-sa\/?p=6514"},"modified":"2022-01-10T17:03:22","modified_gmt":"2022-01-10T20:03:22","slug":"prazo-de-adesao-ao-refis-comeca-na-segunda-feira-projecao-de-r-1-bilhao-em-renegociacoes","status":"publish","type":"post","link":"https:\/\/blogs2.correiobraziliense.com.br\/capital-sa\/2022\/01\/08\/prazo-de-adesao-ao-refis-comeca-na-segunda-feira-projecao-de-r-1-bilhao-em-renegociacoes\/","title":{"rendered":"Prazo de ades\u00e3o ao Refis come\u00e7a na segunda-feira. Proje\u00e7\u00e3o de R$ 1 bilh\u00e3o em renegocia\u00e7\u00f5es"},"content":{"rendered":"<p>Por Samanta Sallum<\/p>\n<p class=\"p1\"><span class=\"s1\">Ser\u00e1 aberto <\/span><span class=\"s2\">na pr\u00f3xima segunda-feira<\/span><span class=\"s1\"> o prazo de ades\u00e3o ao Programa de Incentivo \u00e0 Regulariza\u00e7\u00e3o Fiscal do Distrito Federal (Refis 2021). Ele se encerra em <\/span><span class=\"s2\">31 de mar\u00e7o de 2022<\/span><span class=\"s1\">.<\/span><\/p>\n<p class=\"p1\"><span class=\"s1\">O programa foi elaborado pela Secretaria de Economia e faz parte do Pr\u00f3-Economia II. O pacote de medidas econ\u00f4micas, para auxiliar a recupera\u00e7\u00e3o financeira da popula\u00e7\u00e3o e do setor produtivo, foi realizado devido \u00e0 crise provocada pela pandemia.<\/span><\/p>\n<p class=\"p1\"><span class=\"s1\"><b>Seguran\u00e7a jur\u00eddica<\/b><\/span><\/p>\n<p class=\"p1\"><span class=\"s1\">A estimativa do GDF \u00e9 que 80 mil pessoas jur\u00eddicas e outras 304 mil pessoas f\u00edsicas estejam aptas a participar do Refis 2021. O secret\u00e1rio de Economia, Itamar Feitosa, destaca o sucesso da \u00faltima edi\u00e7\u00e3o do programa.<\/span><\/p>\n<p class=\"p1\"><span class=\"s1\">\u201cMais de 41 mil pessoas f\u00edsicas e 11,3 mil empresas aderiram ao Refis 2020. Agora, teremos uma nova oportunidade de cidad\u00e3os e empresas regularizarem sua situa\u00e7\u00e3o e voltarem a ter seguran\u00e7a jur\u00eddica\u00b4\u00b4, explica.\u00a0 Com esta nova vers\u00e3o do programa, est\u00e3o inclu\u00eddas as d\u00edvidas de 2019 e 2020.<\/span><\/p>\n<p>A proje\u00e7\u00e3o \u00e9 de que sejam renegociadas d\u00edvidas no total de R$ 1 bilh\u00e3o.<\/p>\n<p><b>Descontos<\/b><\/p>\n<p class=\"p1\"><span class=\"s1\">O mais arrojado programa de renegocia\u00e7\u00e3o de d\u00edvidas da hist\u00f3ria do DF alcan\u00e7ou o montante de R$ 3,125 bilh\u00f5es refinanciados. Pela primeira vez, o GDF concedeu descontos tanto no valor principal da d\u00edvida quanto em juros e multas, que chegaram a 95%.<br \/>\n<\/span><\/p>\n<p class=\"p1\"><span class=\"s1\">O Refis 2021 conceder\u00e1 descontos em negocia\u00e7\u00f5es relativas a ICMS, Simples Candango, ISS (incluindo profissionais aut\u00f4nomos e sociedades uniprofissionais), IPTU, IPVA, ITBI, ITCD, Taxa de Limpeza P\u00fablica, al\u00e9m de d\u00e9bitos n\u00e3o tribut\u00e1rios.<\/span><\/p>\n","protected":false},"excerpt":{"rendered":"<p>Por Samanta Sallum Ser\u00e1 aberto na pr\u00f3xima segunda-feira o prazo de ades\u00e3o ao Programa de Incentivo \u00e0 Regulariza\u00e7\u00e3o Fiscal do Distrito Federal (Refis 2021). Ele se encerra em 31 de mar\u00e7o de 2022. O programa foi elaborado pela Secretaria de Economia e faz parte do Pr\u00f3-Economia II. O pacote de medidas econ\u00f4micas, para auxiliar a recupera\u00e7\u00e3o financeira da popula\u00e7\u00e3o e [&hellip;]<\/p>\n","protected":false},"author":125,"featured_media":6517,"comment_status":"open","ping_status":"open","sticky":false,"template":"","format":"standard","meta":{"footnotes":""},"categories":[6],"tags":[715,409,687,203,714,14],"class_list":["post-6514","post","type-post","status-publish","format-standard","has-post-thumbnail","hentry","category-coluna-capital-s-a","tag-adesao","tag-descontos","tag-dividas","tag-gdf","tag-renegociacao","tag-refis"],"yoast_head":"<!-- This site is optimized with the Yoast SEO plugin v27.9 - https:\/\/yoast.com\/product\/yoast-seo-wordpress\/ -->\n<title>Prazo de ades\u00e3o ao Refis come\u00e7a na segunda-feira. Proje\u00e7\u00e3o de R$ 1 bilh\u00e3o em renegocia\u00e7\u00f5es - Capital S\/A<\/title>\n<meta name=\"description\" content=\"Ser\u00e1 aberto na pr\u00f3xima segunda-feira o prazo de ades\u00e3o ao Programa de Incentivo \u00e0 Regulariza\u00e7\u00e3o Fiscal do Distrito Federal (Refis 2021). Ele se encerra em 31 de mar\u00e7o de 2022.\" \/>\n<meta name=\"robots\" content=\"index, follow, max-snippet:-1, max-image-preview:large, max-video-preview:-1\" \/>\n<link rel=\"canonical\" href=\"https:\/\/blogs2.correiobraziliense.com.br\/capital-sa\/2022\/01\/08\/prazo-de-adesao-ao-refis-comeca-na-segunda-feira-projecao-de-r-1-bilhao-em-renegociacoes\/\" \/>\n<meta property=\"og:locale\" content=\"pt_BR\" \/>\n<meta property=\"og:type\" content=\"article\" \/>\n<meta property=\"og:title\" content=\"Prazo de ades\u00e3o ao Refis come\u00e7a na segunda-feira. Proje\u00e7\u00e3o de R$ 1 bilh\u00e3o em renegocia\u00e7\u00f5es - Capital S\/A\" \/>\n<meta property=\"og:description\" content=\"Ser\u00e1 aberto na pr\u00f3xima segunda-feira o prazo de ades\u00e3o ao Programa de Incentivo \u00e0 Regulariza\u00e7\u00e3o Fiscal do Distrito Federal (Refis 2021). Ele se encerra em 31 de mar\u00e7o de 2022.\" \/>\n<meta property=\"og:url\" content=\"https:\/\/blogs2.correiobraziliense.com.br\/capital-sa\/2022\/01\/08\/prazo-de-adesao-ao-refis-comeca-na-segunda-feira-projecao-de-r-1-bilhao-em-renegociacoes\/\" \/>\n<meta property=\"og:site_name\" content=\"Capital S\/A\" \/>\n<meta property=\"article:published_time\" content=\"2022-01-08T20:41:20+00:00\" \/>\n<meta property=\"article:modified_time\" content=\"2022-01-10T20:03:22+00:00\" \/>\n<meta property=\"og:image\" content=\"https:\/\/blogs2.correiobraziliense.com.br\/capital-sa\/wp-content\/uploads\/sites\/59\/2022\/01\/AF3EE34E-7216-4CF5-BC32-5A5457450889.jpeg\" \/>\n\t<meta property=\"og:image:width\" content=\"675\" \/>\n\t<meta property=\"og:image:height\" content=\"450\" \/>\n\t<meta property=\"og:image:type\" content=\"image\/jpeg\" \/>\n<meta name=\"author\" content=\"samantasallum\" \/>\n<meta name=\"twitter:card\" content=\"summary_large_image\" \/>\n<meta name=\"twitter:label1\" content=\"Escrito por\" \/>\n\t<meta name=\"twitter:data1\" content=\"samantasallum\" \/>\n\t<meta name=\"twitter:label2\" content=\"Est. tempo de leitura\" \/>\n\t<meta name=\"twitter:data2\" content=\"1 minuto\" \/>\n<script type=\"application\/ld+json\" class=\"yoast-schema-graph\">{\"@context\":\"https:\\\/\\\/schema.org\",\"@graph\":[{\"@type\":\"Article\",\"@id\":\"https:\\\/\\\/blogs2.correiobraziliense.com.br\\\/capital-sa\\\/2022\\\/01\\\/08\\\/prazo-de-adesao-ao-refis-comeca-na-segunda-feira-projecao-de-r-1-bilhao-em-renegociacoes\\\/#article\",\"isPartOf\":{\"@id\":\"https:\\\/\\\/blogs2.correiobraziliense.com.br\\\/capital-sa\\\/2022\\\/01\\\/08\\\/prazo-de-adesao-ao-refis-comeca-na-segunda-feira-projecao-de-r-1-bilhao-em-renegociacoes\\\/\"},\"author\":{\"name\":\"samantasallum\",\"@id\":\"https:\\\/\\\/blogs2.correiobraziliense.com.br\\\/capital-sa\\\/#\\\/schema\\\/person\\\/1949a299686305b9dd73a3cdeddb046c\"},\"headline\":\"Prazo de ades\u00e3o ao Refis come\u00e7a na segunda-feira. Proje\u00e7\u00e3o de R$ 1 bilh\u00e3o em renegocia\u00e7\u00f5es\",\"datePublished\":\"2022-01-08T20:41:20+00:00\",\"dateModified\":\"2022-01-10T20:03:22+00:00\",\"mainEntityOfPage\":{\"@id\":\"https:\\\/\\\/blogs2.correiobraziliense.com.br\\\/capital-sa\\\/2022\\\/01\\\/08\\\/prazo-de-adesao-ao-refis-comeca-na-segunda-feira-projecao-de-r-1-bilhao-em-renegociacoes\\\/\"},\"wordCount\":285,\"commentCount\":0,\"image\":{\"@id\":\"https:\\\/\\\/blogs2.correiobraziliense.com.br\\\/capital-sa\\\/2022\\\/01\\\/08\\\/prazo-de-adesao-ao-refis-comeca-na-segunda-feira-projecao-de-r-1-bilhao-em-renegociacoes\\\/#primaryimage\"},\"thumbnailUrl\":\"https:\\\/\\\/blogs2.correiobraziliense.com.br\\\/capital-sa\\\/wp-content\\\/uploads\\\/sites\\\/59\\\/2022\\\/01\\\/AF3EE34E-7216-4CF5-BC32-5A5457450889.jpeg\",\"keywords\":[\"#ades\u00e3o\",\"#descontos\",\"#div\u00eddas\",\"#GDF\",\"#renegocia\u00e7\u00e3o\",\"Refis\"],\"articleSection\":[\"Coluna Capital S\\\/A\"],\"inLanguage\":\"pt-BR\",\"potentialAction\":[{\"@type\":\"CommentAction\",\"name\":\"Comment\",\"target\":[\"https:\\\/\\\/blogs2.correiobraziliense.com.br\\\/capital-sa\\\/2022\\\/01\\\/08\\\/prazo-de-adesao-ao-refis-comeca-na-segunda-feira-projecao-de-r-1-bilhao-em-renegociacoes\\\/#respond\"]}]},{\"@type\":\"WebPage\",\"@id\":\"https:\\\/\\\/blogs2.correiobraziliense.com.br\\\/capital-sa\\\/2022\\\/01\\\/08\\\/prazo-de-adesao-ao-refis-comeca-na-segunda-feira-projecao-de-r-1-bilhao-em-renegociacoes\\\/\",\"url\":\"https:\\\/\\\/blogs2.correiobraziliense.com.br\\\/capital-sa\\\/2022\\\/01\\\/08\\\/prazo-de-adesao-ao-refis-comeca-na-segunda-feira-projecao-de-r-1-bilhao-em-renegociacoes\\\/\",\"name\":\"Prazo de ades\u00e3o ao Refis come\u00e7a na segunda-feira. Proje\u00e7\u00e3o de R$ 1 bilh\u00e3o em renegocia\u00e7\u00f5es - Capital S\\\/A\",\"isPartOf\":{\"@id\":\"https:\\\/\\\/blogs2.correiobraziliense.com.br\\\/capital-sa\\\/#website\"},\"primaryImageOfPage\":{\"@id\":\"https:\\\/\\\/blogs2.correiobraziliense.com.br\\\/capital-sa\\\/2022\\\/01\\\/08\\\/prazo-de-adesao-ao-refis-comeca-na-segunda-feira-projecao-de-r-1-bilhao-em-renegociacoes\\\/#primaryimage\"},\"image\":{\"@id\":\"https:\\\/\\\/blogs2.correiobraziliense.com.br\\\/capital-sa\\\/2022\\\/01\\\/08\\\/prazo-de-adesao-ao-refis-comeca-na-segunda-feira-projecao-de-r-1-bilhao-em-renegociacoes\\\/#primaryimage\"},\"thumbnailUrl\":\"https:\\\/\\\/blogs2.correiobraziliense.com.br\\\/capital-sa\\\/wp-content\\\/uploads\\\/sites\\\/59\\\/2022\\\/01\\\/AF3EE34E-7216-4CF5-BC32-5A5457450889.jpeg\",\"datePublished\":\"2022-01-08T20:41:20+00:00\",\"dateModified\":\"2022-01-10T20:03:22+00:00\",\"author\":{\"@id\":\"https:\\\/\\\/blogs2.correiobraziliense.com.br\\\/capital-sa\\\/#\\\/schema\\\/person\\\/1949a299686305b9dd73a3cdeddb046c\"},\"description\":\"Ser\u00e1 aberto na pr\u00f3xima segunda-feira o prazo de ades\u00e3o ao Programa de Incentivo \u00e0 Regulariza\u00e7\u00e3o Fiscal do Distrito Federal (Refis 2021). Ele se encerra em 31 de mar\u00e7o de 2022.\",\"breadcrumb\":{\"@id\":\"https:\\\/\\\/blogs2.correiobraziliense.com.br\\\/capital-sa\\\/2022\\\/01\\\/08\\\/prazo-de-adesao-ao-refis-comeca-na-segunda-feira-projecao-de-r-1-bilhao-em-renegociacoes\\\/#breadcrumb\"},\"inLanguage\":\"pt-BR\",\"potentialAction\":[{\"@type\":\"ReadAction\",\"target\":[\"https:\\\/\\\/blogs2.correiobraziliense.com.br\\\/capital-sa\\\/2022\\\/01\\\/08\\\/prazo-de-adesao-ao-refis-comeca-na-segunda-feira-projecao-de-r-1-bilhao-em-renegociacoes\\\/\"]}]},{\"@type\":\"ImageObject\",\"inLanguage\":\"pt-BR\",\"@id\":\"https:\\\/\\\/blogs2.correiobraziliense.com.br\\\/capital-sa\\\/2022\\\/01\\\/08\\\/prazo-de-adesao-ao-refis-comeca-na-segunda-feira-projecao-de-r-1-bilhao-em-renegociacoes\\\/#primaryimage\",\"url\":\"https:\\\/\\\/blogs2.correiobraziliense.com.br\\\/capital-sa\\\/wp-content\\\/uploads\\\/sites\\\/59\\\/2022\\\/01\\\/AF3EE34E-7216-4CF5-BC32-5A5457450889.jpeg\",\"contentUrl\":\"https:\\\/\\\/blogs2.correiobraziliense.com.br\\\/capital-sa\\\/wp-content\\\/uploads\\\/sites\\\/59\\\/2022\\\/01\\\/AF3EE34E-7216-4CF5-BC32-5A5457450889.jpeg\",\"width\":675,\"height\":450},{\"@type\":\"BreadcrumbList\",\"@id\":\"https:\\\/\\\/blogs2.correiobraziliense.com.br\\\/capital-sa\\\/2022\\\/01\\\/08\\\/prazo-de-adesao-ao-refis-comeca-na-segunda-feira-projecao-de-r-1-bilhao-em-renegociacoes\\\/#breadcrumb\",\"itemListElement\":[{\"@type\":\"ListItem\",\"position\":1,\"name\":\"In\u00edcio\",\"item\":\"https:\\\/\\\/blogs2.correiobraziliense.com.br\\\/capital-sa\\\/\"},{\"@type\":\"ListItem\",\"position\":2,\"name\":\"Prazo de ades\u00e3o ao Refis come\u00e7a na segunda-feira. Proje\u00e7\u00e3o de R$ 1 bilh\u00e3o em renegocia\u00e7\u00f5es\"}]},{\"@type\":\"WebSite\",\"@id\":\"https:\\\/\\\/blogs2.correiobraziliense.com.br\\\/capital-sa\\\/#website\",\"url\":\"https:\\\/\\\/blogs2.correiobraziliense.com.br\\\/capital-sa\\\/\",\"name\":\"Capital S\\\/A\",\"description\":\"Um olhar revelador sobre o setor produtivo do DF. Um ponto de encontro do empreendedorismo, de quem investe e acredita na capital\",\"potentialAction\":[{\"@type\":\"SearchAction\",\"target\":{\"@type\":\"EntryPoint\",\"urlTemplate\":\"https:\\\/\\\/blogs2.correiobraziliense.com.br\\\/capital-sa\\\/?s={search_term_string}\"},\"query-input\":{\"@type\":\"PropertyValueSpecification\",\"valueRequired\":true,\"valueName\":\"search_term_string\"}}],\"inLanguage\":\"pt-BR\"},{\"@type\":\"Person\",\"@id\":\"https:\\\/\\\/blogs2.correiobraziliense.com.br\\\/capital-sa\\\/#\\\/schema\\\/person\\\/1949a299686305b9dd73a3cdeddb046c\",\"name\":\"samantasallum\",\"image\":{\"@type\":\"ImageObject\",\"inLanguage\":\"pt-BR\",\"@id\":\"https:\\\/\\\/secure.gravatar.com\\\/avatar\\\/82a6dc4fcd125cbe57599fb2d9f659299d6ea2af21568a26f2c0bfffc43a84b4?s=96&d=mm&r=g\",\"url\":\"https:\\\/\\\/secure.gravatar.com\\\/avatar\\\/82a6dc4fcd125cbe57599fb2d9f659299d6ea2af21568a26f2c0bfffc43a84b4?s=96&d=mm&r=g\",\"contentUrl\":\"https:\\\/\\\/secure.gravatar.com\\\/avatar\\\/82a6dc4fcd125cbe57599fb2d9f659299d6ea2af21568a26f2c0bfffc43a84b4?s=96&d=mm&r=g\",\"caption\":\"samantasallum\"},\"url\":\"https:\\\/\\\/blogs2.correiobraziliense.com.br\\\/capital-sa\\\/author\\\/samantasallum\\\/\"}]}<\/script>\n<!-- \/ Yoast SEO plugin. -->","yoast_head_json":{"title":"Prazo de ades\u00e3o ao Refis come\u00e7a na segunda-feira. Proje\u00e7\u00e3o de R$ 1 bilh\u00e3o em renegocia\u00e7\u00f5es - Capital S\/A","description":"Ser\u00e1 aberto na pr\u00f3xima segunda-feira o prazo de ades\u00e3o ao Programa de Incentivo \u00e0 Regulariza\u00e7\u00e3o Fiscal do Distrito Federal (Refis 2021). Ele se encerra em 31 de mar\u00e7o de 2022.","robots":{"index":"index","follow":"follow","max-snippet":"max-snippet:-1","max-image-preview":"max-image-preview:large","max-video-preview":"max-video-preview:-1"},"canonical":"https:\/\/blogs2.correiobraziliense.com.br\/capital-sa\/2022\/01\/08\/prazo-de-adesao-ao-refis-comeca-na-segunda-feira-projecao-de-r-1-bilhao-em-renegociacoes\/","og_locale":"pt_BR","og_type":"article","og_title":"Prazo de ades\u00e3o ao Refis come\u00e7a na segunda-feira. Proje\u00e7\u00e3o de R$ 1 bilh\u00e3o em renegocia\u00e7\u00f5es - Capital S\/A","og_description":"Ser\u00e1 aberto na pr\u00f3xima segunda-feira o prazo de ades\u00e3o ao Programa de Incentivo \u00e0 Regulariza\u00e7\u00e3o Fiscal do Distrito Federal (Refis 2021). Ele se encerra em 31 de mar\u00e7o de 2022.","og_url":"https:\/\/blogs2.correiobraziliense.com.br\/capital-sa\/2022\/01\/08\/prazo-de-adesao-ao-refis-comeca-na-segunda-feira-projecao-de-r-1-bilhao-em-renegociacoes\/","og_site_name":"Capital S\/A","article_published_time":"2022-01-08T20:41:20+00:00","article_modified_time":"2022-01-10T20:03:22+00:00","og_image":[{"width":675,"height":450,"url":"https:\/\/blogs2.correiobraziliense.com.br\/capital-sa\/wp-content\/uploads\/sites\/59\/2022\/01\/AF3EE34E-7216-4CF5-BC32-5A5457450889.jpeg","type":"image\/jpeg"}],"author":"samantasallum","twitter_card":"summary_large_image","twitter_misc":{"Escrito por":"samantasallum","Est. tempo de leitura":"1 minuto"},"schema":{"@context":"https:\/\/schema.org","@graph":[{"@type":"Article","@id":"https:\/\/blogs2.correiobraziliense.com.br\/capital-sa\/2022\/01\/08\/prazo-de-adesao-ao-refis-comeca-na-segunda-feira-projecao-de-r-1-bilhao-em-renegociacoes\/#article","isPartOf":{"@id":"https:\/\/blogs2.correiobraziliense.com.br\/capital-sa\/2022\/01\/08\/prazo-de-adesao-ao-refis-comeca-na-segunda-feira-projecao-de-r-1-bilhao-em-renegociacoes\/"},"author":{"name":"samantasallum","@id":"https:\/\/blogs2.correiobraziliense.com.br\/capital-sa\/#\/schema\/person\/1949a299686305b9dd73a3cdeddb046c"},"headline":"Prazo de ades\u00e3o ao Refis come\u00e7a na segunda-feira. Proje\u00e7\u00e3o de R$ 1 bilh\u00e3o em renegocia\u00e7\u00f5es","datePublished":"2022-01-08T20:41:20+00:00","dateModified":"2022-01-10T20:03:22+00:00","mainEntityOfPage":{"@id":"https:\/\/blogs2.correiobraziliense.com.br\/capital-sa\/2022\/01\/08\/prazo-de-adesao-ao-refis-comeca-na-segunda-feira-projecao-de-r-1-bilhao-em-renegociacoes\/"},"wordCount":285,"commentCount":0,"image":{"@id":"https:\/\/blogs2.correiobraziliense.com.br\/capital-sa\/2022\/01\/08\/prazo-de-adesao-ao-refis-comeca-na-segunda-feira-projecao-de-r-1-bilhao-em-renegociacoes\/#primaryimage"},"thumbnailUrl":"https:\/\/blogs2.correiobraziliense.com.br\/capital-sa\/wp-content\/uploads\/sites\/59\/2022\/01\/AF3EE34E-7216-4CF5-BC32-5A5457450889.jpeg","keywords":["#ades\u00e3o","#descontos","#div\u00eddas","#GDF","#renegocia\u00e7\u00e3o","Refis"],"articleSection":["Coluna Capital S\/A"],"inLanguage":"pt-BR","potentialAction":[{"@type":"CommentAction","name":"Comment","target":["https:\/\/blogs2.correiobraziliense.com.br\/capital-sa\/2022\/01\/08\/prazo-de-adesao-ao-refis-comeca-na-segunda-feira-projecao-de-r-1-bilhao-em-renegociacoes\/#respond"]}]},{"@type":"WebPage","@id":"https:\/\/blogs2.correiobraziliense.com.br\/capital-sa\/2022\/01\/08\/prazo-de-adesao-ao-refis-comeca-na-segunda-feira-projecao-de-r-1-bilhao-em-renegociacoes\/","url":"https:\/\/blogs2.correiobraziliense.com.br\/capital-sa\/2022\/01\/08\/prazo-de-adesao-ao-refis-comeca-na-segunda-feira-projecao-de-r-1-bilhao-em-renegociacoes\/","name":"Prazo de ades\u00e3o ao Refis come\u00e7a na segunda-feira. Proje\u00e7\u00e3o de R$ 1 bilh\u00e3o em renegocia\u00e7\u00f5es - Capital S\/A","isPartOf":{"@id":"https:\/\/blogs2.correiobraziliense.com.br\/capital-sa\/#website"},"primaryImageOfPage":{"@id":"https:\/\/blogs2.correiobraziliense.com.br\/capital-sa\/2022\/01\/08\/prazo-de-adesao-ao-refis-comeca-na-segunda-feira-projecao-de-r-1-bilhao-em-renegociacoes\/#primaryimage"},"image":{"@id":"https:\/\/blogs2.correiobraziliense.com.br\/capital-sa\/2022\/01\/08\/prazo-de-adesao-ao-refis-comeca-na-segunda-feira-projecao-de-r-1-bilhao-em-renegociacoes\/#primaryimage"},"thumbnailUrl":"https:\/\/blogs2.correiobraziliense.com.br\/capital-sa\/wp-content\/uploads\/sites\/59\/2022\/01\/AF3EE34E-7216-4CF5-BC32-5A5457450889.jpeg","datePublished":"2022-01-08T20:41:20+00:00","dateModified":"2022-01-10T20:03:22+00:00","author":{"@id":"https:\/\/blogs2.correiobraziliense.com.br\/capital-sa\/#\/schema\/person\/1949a299686305b9dd73a3cdeddb046c"},"description":"Ser\u00e1 aberto na pr\u00f3xima segunda-feira o prazo de ades\u00e3o ao Programa de Incentivo \u00e0 Regulariza\u00e7\u00e3o Fiscal do Distrito Federal (Refis 2021). Ele se encerra em 31 de mar\u00e7o de 2022.","breadcrumb":{"@id":"https:\/\/blogs2.correiobraziliense.com.br\/capital-sa\/2022\/01\/08\/prazo-de-adesao-ao-refis-comeca-na-segunda-feira-projecao-de-r-1-bilhao-em-renegociacoes\/#breadcrumb"},"inLanguage":"pt-BR","potentialAction":[{"@type":"ReadAction","target":["https:\/\/blogs2.correiobraziliense.com.br\/capital-sa\/2022\/01\/08\/prazo-de-adesao-ao-refis-comeca-na-segunda-feira-projecao-de-r-1-bilhao-em-renegociacoes\/"]}]},{"@type":"ImageObject","inLanguage":"pt-BR","@id":"https:\/\/blogs2.correiobraziliense.com.br\/capital-sa\/2022\/01\/08\/prazo-de-adesao-ao-refis-comeca-na-segunda-feira-projecao-de-r-1-bilhao-em-renegociacoes\/#primaryimage","url":"https:\/\/blogs2.correiobraziliense.com.br\/capital-sa\/wp-content\/uploads\/sites\/59\/2022\/01\/AF3EE34E-7216-4CF5-BC32-5A5457450889.jpeg","contentUrl":"https:\/\/blogs2.correiobraziliense.com.br\/capital-sa\/wp-content\/uploads\/sites\/59\/2022\/01\/AF3EE34E-7216-4CF5-BC32-5A5457450889.jpeg","width":675,"height":450},{"@type":"BreadcrumbList","@id":"https:\/\/blogs2.correiobraziliense.com.br\/capital-sa\/2022\/01\/08\/prazo-de-adesao-ao-refis-comeca-na-segunda-feira-projecao-de-r-1-bilhao-em-renegociacoes\/#breadcrumb","itemListElement":[{"@type":"ListItem","position":1,"name":"In\u00edcio","item":"https:\/\/blogs2.correiobraziliense.com.br\/capital-sa\/"},{"@type":"ListItem","position":2,"name":"Prazo de ades\u00e3o ao Refis come\u00e7a na segunda-feira. Proje\u00e7\u00e3o de R$ 1 bilh\u00e3o em renegocia\u00e7\u00f5es"}]},{"@type":"WebSite","@id":"https:\/\/blogs2.correiobraziliense.com.br\/capital-sa\/#website","url":"https:\/\/blogs2.correiobraziliense.com.br\/capital-sa\/","name":"Capital S\/A","description":"Um olhar revelador sobre o setor produtivo do DF. Um ponto de encontro do empreendedorismo, de quem investe e acredita na capital","potentialAction":[{"@type":"SearchAction","target":{"@type":"EntryPoint","urlTemplate":"https:\/\/blogs2.correiobraziliense.com.br\/capital-sa\/?s={search_term_string}"},"query-input":{"@type":"PropertyValueSpecification","valueRequired":true,"valueName":"search_term_string"}}],"inLanguage":"pt-BR"},{"@type":"Person","@id":"https:\/\/blogs2.correiobraziliense.com.br\/capital-sa\/#\/schema\/person\/1949a299686305b9dd73a3cdeddb046c","name":"samantasallum","image":{"@type":"ImageObject","inLanguage":"pt-BR","@id":"https:\/\/secure.gravatar.com\/avatar\/82a6dc4fcd125cbe57599fb2d9f659299d6ea2af21568a26f2c0bfffc43a84b4?s=96&d=mm&r=g","url":"https:\/\/secure.gravatar.com\/avatar\/82a6dc4fcd125cbe57599fb2d9f659299d6ea2af21568a26f2c0bfffc43a84b4?s=96&d=mm&r=g","contentUrl":"https:\/\/secure.gravatar.com\/avatar\/82a6dc4fcd125cbe57599fb2d9f659299d6ea2af21568a26f2c0bfffc43a84b4?s=96&d=mm&r=g","caption":"samantasallum"},"url":"https:\/\/blogs2.correiobraziliense.com.br\/capital-sa\/author\/samantasallum\/"}]}},"_links":{"self":[{"href":"https:\/\/blogs2.correiobraziliense.com.br\/capital-sa\/wp-json\/wp\/v2\/posts\/6514","targetHints":{"allow":["GET"]}}],"collection":[{"href":"https:\/\/blogs2.correiobraziliense.com.br\/capital-sa\/wp-json\/wp\/v2\/posts"}],"about":[{"href":"https:\/\/blogs2.correiobraziliense.com.br\/capital-sa\/wp-json\/wp\/v2\/types\/post"}],"author":[{"embeddable":true,"href":"https:\/\/blogs2.correiobraziliense.com.br\/capital-sa\/wp-json\/wp\/v2\/users\/125"}],"replies":[{"embeddable":true,"href":"https:\/\/blogs2.correiobraziliense.com.br\/capital-sa\/wp-json\/wp\/v2\/comments?post=6514"}],"version-history":[{"count":6,"href":"https:\/\/blogs2.correiobraziliense.com.br\/capital-sa\/wp-json\/wp\/v2\/posts\/6514\/revisions"}],"predecessor-version":[{"id":6530,"href":"https:\/\/blogs2.correiobraziliense.com.br\/capital-sa\/wp-json\/wp\/v2\/posts\/6514\/revisions\/6530"}],"wp:featuredmedia":[{"embeddable":true,"href":"https:\/\/blogs2.correiobraziliense.com.br\/capital-sa\/wp-json\/wp\/v2\/media\/6517"}],"wp:attachment":[{"href":"https:\/\/blogs2.correiobraziliense.com.br\/capital-sa\/wp-json\/wp\/v2\/media?parent=6514"}],"wp:term":[{"taxonomy":"category","embeddable":true,"href":"https:\/\/blogs2.correiobraziliense.com.br\/capital-sa\/wp-json\/wp\/v2\/categories?post=6514"},{"taxonomy":"post_tag","embeddable":true,"href":"https:\/\/blogs2.correiobraziliense.com.br\/capital-sa\/wp-json\/wp\/v2\/tags?post=6514"}],"curies":[{"name":"wp","href":"https:\/\/api.w.org\/{rel}","templated":true}]}}