{"id":10069,"date":"2017-11-27T16:07:56","date_gmt":"2017-11-27T18:07:56","guid":{"rendered":"https:\/\/blogs2.correiobraziliense.com.br\/cbpoder\/?p=10069"},"modified":"2017-11-27T16:07:56","modified_gmt":"2017-11-27T18:07:56","slug":"ocorrencia-policial-contra-wilmar-por-estupro-arquivada","status":"publish","type":"post","link":"https:\/\/blogs2.correiobraziliense.com.br\/cbpoder\/ocorrencia-policial-contra-wilmar-por-estupro-arquivada\/","title":{"rendered":"Acusado de estupro, Wilmar Lacerda teve ocorr\u00eancia policial arquivada em 2011"},"content":{"rendered":"<p>Em meio a um projeto para se candidatar \u00e0 Presid\u00eancia da Rep\u00fablica, o senador Cristovam Buarque (PPS\/DF) desistiu na semana passada de se licenciar do mandato porque o seu suplente, Wilmar Lacerda (PT), se envolveu numa den\u00fancia de abuso sexual de uma menina de 17 anos. O petista foi indiciado pela 31\u00aa DP (Planaltina) por favorecimento \u00e0 prostitui\u00e7\u00e3o.<\/p>\n<p>&nbsp;<\/p>\n<p>O caso provocou muito constrangimento a Cristovam. Mas este n\u00e3o foi o primeiro epis\u00f3dio relacionado a Wilmar que chegou \u00e0 Pol\u00edcia Civil do DF. Em novembro de 2011, quando ele era secret\u00e1rio de Gest\u00e3o Administrativa, uma garota de 18 anos, moradora de Buritis IV, bairro de Planaltina, relatou \u00e0 Delegacia de Atendimento \u00e0 Mulher (DEAM) ter sofrido poss\u00edvel abuso sexual numa quitinete no Lago Norte. A d\u00favida decorria do fato de que ela estaria alcoolizada e n\u00e3o se lembrava do que ocorreu.<\/p>\n<p>&nbsp;<\/p>\n<p>Mas soube que manteve a rela\u00e7\u00e3o sexual com Wilmar por duas amigas, de 16 e 23 anos, que estavam no local. Estudante de Enfermagem, a jovem contou que Wilmar e um funcion\u00e1rio da Secretaria de Sa\u00fade lhe telefonaram posteriormente para oferecer um est\u00e1gio no GDF.<\/p>\n<p>&nbsp;<\/p>\n<p>O caso foi arquivado sem abertura de inqu\u00e9rito, com base no laudo do Instituto de Medicina Legal (IML), que n\u00e3o apontou viol\u00eancia sexual, e no depoimento das amigas da garota. Na ocasi\u00e3o, Wilmar disse que o ato sexual foi consentido. \u00c0 coluna, ele afirmou que, posteriormente, a mo\u00e7a voltou atr\u00e1s e se retratou.<\/p>\n<p>&nbsp;<\/p>\n<p><strong>Sem inqu\u00e9rito<\/strong><br \/>\nSobre o caso, a Pol\u00edcia Civil do DF informou, na \u00faltima sexta-feira, que \u201cos fatos foram apurados na DEAM (Delegacia de Atendimento \u00e0 Mulher) e arquivados porque as investiga\u00e7\u00f5es demonstraram se tratar de fato at\u00edpico (ou seja, n\u00e3o houve crime)\u201d. Ainda segundo a Diretoria de Comunica\u00e7\u00e3o da Pol\u00edcia Civil, n\u00e3o houve inqu\u00e9rito e as informa\u00e7\u00f5es foram lan\u00e7adas na ocorr\u00eancia policial.<\/p>\n<p>&nbsp;<\/p>\n<p><strong>Wilmar: \u201carma\u00e7\u00e3o pol\u00edtica\u201d<br \/>\n<\/strong>Chefe de gabinete da lideran\u00e7a do PT no Senado, Wilmar Lacerda disse que a den\u00fancia de 2011 foi uma arma\u00e7\u00e3o pol\u00edtica totalmente investigada e esclarecida na \u00e9poca, sem nenhuma influ\u00eancia do governo. O caso chegou a ser noticiado antes das elei\u00e7\u00f5es de 2014 pelo policial militar aposentado Jo\u00e3o Dias, em seu blog. \u00c9 ao PM que Wilmar atribui uma poss\u00edvel inger\u00eancia na den\u00fancia relatada pela estudante, para constranger o governo de Agnelo Queiroz (PT).<\/p>\n<p>&nbsp;<\/p>\n<p><strong>Uma segunda op\u00e7\u00e3o para o mandato<br \/>\n<\/strong>Cristovam Buarque chegou a propor pr\u00e9vias no PPS para a escolha do candidato \u00e0 Presid\u00eancia, numa disputa com o apresentador Luciano Huck. Por isso, a licen\u00e7a do mandato no Senado seria uma forma de, com mais liberdade, buscar aliados. A den\u00fancia contra Wilmar Lacerda atrapalhou esses planos e ainda o deixou numa situa\u00e7\u00e3o desconfort\u00e1vel. A uma pessoa pr\u00f3xima, o senador disse que a melhor op\u00e7\u00e3o neste momento seria a ren\u00fancia de Wilmar Lacerda para que o segundo suplente, Roberto Wagner (PRB), assumisse o mandato em sua aus\u00eancia.<\/p>\n","protected":false},"excerpt":{"rendered":"<p>Em meio a um projeto para se candidatar \u00e0 Presid\u00eancia da Rep\u00fablica, o senador Cristovam Buarque (PPS\/DF) desistiu na semana passada de se licenciar do mandato porque o seu suplente, Wilmar Lacerda (PT), se envolveu numa den\u00fancia de abuso sexual de uma menina de 17 anos. O petista foi indiciado pela 31\u00aa DP (Planaltina) por [&hellip;]<\/p>\n","protected":false},"author":9,"featured_media":10070,"comment_status":"open","ping_status":"closed","sticky":false,"template":"","format":"standard","meta":{"wpb_read_more":[],"footnotes":""},"categories":[234],"tags":[],"class_list":["post-10069","post","type-post","status-publish","format-standard","has-post-thumbnail","hentry","category-cb-poder"],"_links":{"self":[{"href":"https:\/\/blogs2.correiobraziliense.com.br\/cbpoder\/wp-json\/wp\/v2\/posts\/10069","targetHints":{"allow":["GET"]}}],"collection":[{"href":"https:\/\/blogs2.correiobraziliense.com.br\/cbpoder\/wp-json\/wp\/v2\/posts"}],"about":[{"href":"https:\/\/blogs2.correiobraziliense.com.br\/cbpoder\/wp-json\/wp\/v2\/types\/post"}],"author":[{"embeddable":true,"href":"https:\/\/blogs2.correiobraziliense.com.br\/cbpoder\/wp-json\/wp\/v2\/users\/9"}],"replies":[{"embeddable":true,"href":"https:\/\/blogs2.correiobraziliense.com.br\/cbpoder\/wp-json\/wp\/v2\/comments?post=10069"}],"version-history":[{"count":3,"href":"https:\/\/blogs2.correiobraziliense.com.br\/cbpoder\/wp-json\/wp\/v2\/posts\/10069\/revisions"}],"predecessor-version":[{"id":10076,"href":"https:\/\/blogs2.correiobraziliense.com.br\/cbpoder\/wp-json\/wp\/v2\/posts\/10069\/revisions\/10076"}],"wp:featuredmedia":[{"embeddable":true,"href":"https:\/\/blogs2.correiobraziliense.com.br\/cbpoder\/wp-json\/wp\/v2\/media\/10070"}],"wp:attachment":[{"href":"https:\/\/blogs2.correiobraziliense.com.br\/cbpoder\/wp-json\/wp\/v2\/media?parent=10069"}],"wp:term":[{"taxonomy":"category","embeddable":true,"href":"https:\/\/blogs2.correiobraziliense.com.br\/cbpoder\/wp-json\/wp\/v2\/categories?post=10069"},{"taxonomy":"post_tag","embeddable":true,"href":"https:\/\/blogs2.correiobraziliense.com.br\/cbpoder\/wp-json\/wp\/v2\/tags?post=10069"}],"curies":[{"name":"wp","href":"https:\/\/api.w.org\/{rel}","templated":true}]}}