{"id":10179,"date":"2017-12-14T20:05:28","date_gmt":"2017-12-14T22:05:28","guid":{"rendered":"https:\/\/blogs2.correiobraziliense.com.br\/cbpoder\/?p=10179"},"modified":"2017-12-14T20:05:28","modified_gmt":"2017-12-14T22:05:28","slug":"roberio-e-agaciel-discutem-em-plenario-por-causa-do-orcamento-de-2018","status":"publish","type":"post","link":"https:\/\/blogs2.correiobraziliense.com.br\/cbpoder\/roberio-e-agaciel-discutem-em-plenario-por-causa-do-orcamento-de-2018\/","title":{"rendered":"Rob\u00e9rio e Agaciel discutem em plen\u00e1rio por causa do or\u00e7amento de 2018"},"content":{"rendered":"<p>Ana Viriato<\/p>\n<p>A derrubada da emenda \u00e0 Lei Or\u00e7ament\u00e1ria Anual (LOA), no valor de R$ 1,2 bilh\u00e3o, gerou fa\u00edscas entre os parlamentares. A destina\u00e7\u00e3o do montante, economizado pelo Pal\u00e1cio do Buriti com a uni\u00e3o dos fundos de contribui\u00e7\u00e3o ap\u00f3s a reforma da Previd\u00eancia, levou ao adiamento da vota\u00e7\u00e3o do projeto que fixa a receita e as despesas do governo.<\/p>\n<p>Ap\u00f3s a vit\u00f3ria da oposi\u00e7\u00e3o, que rejeitou\u00a0 a emenda em uma vota\u00e7\u00e3o apertada, por acreditar que o documento foi apresentado &#8220;na surdina&#8221;, Agaciel Maia havia criticado a &#8220;trai\u00e7\u00e3o&#8221; de Rob\u00e9rio Negreiros (PSDB). O tucano votou contra o governo no destaque da emenda em quest\u00e3o e na elei\u00e7\u00e3o da Mesa Diretora, no fim de dezembro de 2016.<\/p>\n<p>&#8220;Ele come\u00e7ou e terminou o ano traindo. Ao menos foi coerente&#8221;, cutucou Agaciel. A fam\u00edlia de Rob\u00e9rio Negreiros \u00e9 propriet\u00e1ria da empresa de seguran\u00e7a Brasfort e mant\u00e9m contratos milion\u00e1rios com o GDF.<\/p>\n<p>Em resposta, Negreiros subiu \u00e0 tribuna para rebater a cr\u00edtica. Em discurso, chamou o l\u00edder do governo de &#8220;sonso&#8221;, &#8220;safado&#8221; e &#8220;parlapat\u00e3o&#8221; (quem conta mentiras). &#8220;Entre ser um Agaciel sonso e um Rob\u00e9rio verdadeiro, prefiro continuar sendo eu&#8221;, disse. E completou: &#8220;Agaciel \u00e9 uma pessoa mimada, que acha que \u00e9 o primeiro ministro do DF&#8221;.<\/p>\n<p>O parlamentar do PR, que havia sa\u00eddo do plen\u00e1rio para conceder entrevista, voltou para responder \u00e0s ofensas. &#8220;N\u00e3o vou abaixar o n\u00edvel para discutir com voc\u00ea (Rob\u00e9rio). N\u00e3o preciso adjetiv\u00e1-lo. Todos sabem quem voc\u00ea \u00e9&#8221;, rebateu.<\/p>\n<p>O vice-presidente da C\u00e2mara Legislativa, Wellington Luiz (PMDB), deu fim \u00e0 discuss\u00e3o. &#8220;Se tiverem roupa suja, lavem em casa e, n\u00e3o, no plen\u00e1rio&#8221;.<\/p>\n","protected":false},"excerpt":{"rendered":"<p>Ana Viriato A derrubada da emenda \u00e0 Lei Or\u00e7ament\u00e1ria Anual (LOA), no valor de R$ 1,2 bilh\u00e3o, gerou fa\u00edscas entre os parlamentares. A destina\u00e7\u00e3o do montante, economizado pelo Pal\u00e1cio do Buriti com a uni\u00e3o dos fundos de contribui\u00e7\u00e3o ap\u00f3s a reforma da Previd\u00eancia, levou ao adiamento da vota\u00e7\u00e3o do projeto que fixa a receita e [&hellip;]<\/p>\n","protected":false},"author":9,"featured_media":10180,"comment_status":"open","ping_status":"closed","sticky":false,"template":"","format":"standard","meta":{"wpb_read_more":[],"footnotes":""},"categories":[234],"tags":[978,1003,665],"class_list":["post-10179","post","type-post","status-publish","format-standard","has-post-thumbnail","hentry","category-cb-poder","tag-agaciel-maia","tag-orcamento-de-2018","tag-roberio-negreiros"],"_links":{"self":[{"href":"https:\/\/blogs2.correiobraziliense.com.br\/cbpoder\/wp-json\/wp\/v2\/posts\/10179","targetHints":{"allow":["GET"]}}],"collection":[{"href":"https:\/\/blogs2.correiobraziliense.com.br\/cbpoder\/wp-json\/wp\/v2\/posts"}],"about":[{"href":"https:\/\/blogs2.correiobraziliense.com.br\/cbpoder\/wp-json\/wp\/v2\/types\/post"}],"author":[{"embeddable":true,"href":"https:\/\/blogs2.correiobraziliense.com.br\/cbpoder\/wp-json\/wp\/v2\/users\/9"}],"replies":[{"embeddable":true,"href":"https:\/\/blogs2.correiobraziliense.com.br\/cbpoder\/wp-json\/wp\/v2\/comments?post=10179"}],"version-history":[{"count":1,"href":"https:\/\/blogs2.correiobraziliense.com.br\/cbpoder\/wp-json\/wp\/v2\/posts\/10179\/revisions"}],"predecessor-version":[{"id":10181,"href":"https:\/\/blogs2.correiobraziliense.com.br\/cbpoder\/wp-json\/wp\/v2\/posts\/10179\/revisions\/10181"}],"wp:featuredmedia":[{"embeddable":true,"href":"https:\/\/blogs2.correiobraziliense.com.br\/cbpoder\/wp-json\/wp\/v2\/media\/10180"}],"wp:attachment":[{"href":"https:\/\/blogs2.correiobraziliense.com.br\/cbpoder\/wp-json\/wp\/v2\/media?parent=10179"}],"wp:term":[{"taxonomy":"category","embeddable":true,"href":"https:\/\/blogs2.correiobraziliense.com.br\/cbpoder\/wp-json\/wp\/v2\/categories?post=10179"},{"taxonomy":"post_tag","embeddable":true,"href":"https:\/\/blogs2.correiobraziliense.com.br\/cbpoder\/wp-json\/wp\/v2\/tags?post=10179"}],"curies":[{"name":"wp","href":"https:\/\/api.w.org\/{rel}","templated":true}]}}