{"id":10272,"date":"2018-01-10T19:45:25","date_gmt":"2018-01-10T21:45:25","guid":{"rendered":"https:\/\/blogs2.correiobraziliense.com.br\/cbpoder\/?p=10272"},"modified":"2018-01-10T21:00:31","modified_gmt":"2018-01-10T23:00:31","slug":"rollemberg-troca-mudancas-no-comando-da-policia-militar-e-do-corpo-de-bombeiros","status":"publish","type":"post","link":"https:\/\/blogs2.correiobraziliense.com.br\/cbpoder\/rollemberg-troca-mudancas-no-comando-da-policia-militar-e-do-corpo-de-bombeiros\/","title":{"rendered":"Rollemberg troca comando da Casa Militar e do Corpo de Bombeiros do DF"},"content":{"rendered":"<p>ANA MARIA CAMPOS<\/p>\n<p>Um dos mais pr\u00f3ximos aliados do governador Rodrigo Rollemberg (PSB), o chefe da Casa Militar do DF, coronel Cl\u00e1udio Ribas, vai deixar o cargo. Segundo o governo, o oficial vai para a reserva remunerada. No lugar de Ribas, assume o coronel M\u00e1rcio Pereira, que\u00a0j\u00e1 atuou como secret\u00e1rio-adjunto da Seguran\u00e7a P\u00fablica e da Paz Social, na gest\u00e3o de M\u00e1rcia de Alencar, e, atualmente, \u00e9 o Chefe da Secretaria Especial da Ordem P\u00fablica e Social.<\/p>\n<p>Haver\u00e1 troca tamb\u00e9m no Corpo de Bombeiros Militar. Saiu o coronel Hamilton Esteves e em seu lugar assume o Coronel Lu\u00eds Cl\u00e1udio, atual subcomandante Geral do Corpo de Bombeiros.<\/p>\n<p>O Coronel Hamilton Esteves aguarda nova designa\u00e7\u00e3o do Governador Rodrigo Rollemberg, enquanto o Coronel Claudio Ribas assume a Subchefia de Assuntos Institucionais da Casa Militar, respons\u00e1vel pela rela\u00e7\u00e3o institucional do Governo com os policiais e bombeiros militares do Distrito Federal.<\/p>\n<p>&nbsp;<\/p>\n","protected":false},"excerpt":{"rendered":"<p>ANA MARIA CAMPOS Um dos mais pr\u00f3ximos aliados do governador Rodrigo Rollemberg (PSB), o chefe da Casa Militar do DF, coronel Cl\u00e1udio Ribas, vai deixar o cargo. Segundo o governo, o oficial vai para a reserva remunerada. No lugar de Ribas, assume o coronel M\u00e1rcio Pereira, que\u00a0j\u00e1 atuou como secret\u00e1rio-adjunto da Seguran\u00e7a P\u00fablica e da [&hellip;]<\/p>\n","protected":false},"author":9,"featured_media":0,"comment_status":"open","ping_status":"closed","sticky":false,"template":"","format":"standard","meta":{"wpb_read_more":[],"footnotes":""},"categories":[234],"tags":[491,1023,626,1024],"class_list":["post-10272","post","type-post","status-publish","format-standard","hentry","category-cb-poder","tag-casa-militar","tag-coronel-ribas","tag-corpo-de-bombeiros","tag-hamilton-esteves"],"_links":{"self":[{"href":"https:\/\/blogs2.correiobraziliense.com.br\/cbpoder\/wp-json\/wp\/v2\/posts\/10272","targetHints":{"allow":["GET"]}}],"collection":[{"href":"https:\/\/blogs2.correiobraziliense.com.br\/cbpoder\/wp-json\/wp\/v2\/posts"}],"about":[{"href":"https:\/\/blogs2.correiobraziliense.com.br\/cbpoder\/wp-json\/wp\/v2\/types\/post"}],"author":[{"embeddable":true,"href":"https:\/\/blogs2.correiobraziliense.com.br\/cbpoder\/wp-json\/wp\/v2\/users\/9"}],"replies":[{"embeddable":true,"href":"https:\/\/blogs2.correiobraziliense.com.br\/cbpoder\/wp-json\/wp\/v2\/comments?post=10272"}],"version-history":[{"count":3,"href":"https:\/\/blogs2.correiobraziliense.com.br\/cbpoder\/wp-json\/wp\/v2\/posts\/10272\/revisions"}],"predecessor-version":[{"id":10276,"href":"https:\/\/blogs2.correiobraziliense.com.br\/cbpoder\/wp-json\/wp\/v2\/posts\/10272\/revisions\/10276"}],"wp:attachment":[{"href":"https:\/\/blogs2.correiobraziliense.com.br\/cbpoder\/wp-json\/wp\/v2\/media?parent=10272"}],"wp:term":[{"taxonomy":"category","embeddable":true,"href":"https:\/\/blogs2.correiobraziliense.com.br\/cbpoder\/wp-json\/wp\/v2\/categories?post=10272"},{"taxonomy":"post_tag","embeddable":true,"href":"https:\/\/blogs2.correiobraziliense.com.br\/cbpoder\/wp-json\/wp\/v2\/tags?post=10272"}],"curies":[{"name":"wp","href":"https:\/\/api.w.org\/{rel}","templated":true}]}}