{"id":10381,"date":"2018-01-23T06:00:12","date_gmt":"2018-01-23T08:00:12","guid":{"rendered":"https:\/\/blogs2.correiobraziliense.com.br\/cbpoder\/?p=10381"},"modified":"2018-01-22T21:46:43","modified_gmt":"2018-01-22T23:46:43","slug":"tjdft-julga-constitucionalidade-da-lista-triplice-para-a-direcao-da-policia-civil-e-detran","status":"publish","type":"post","link":"https:\/\/blogs2.correiobraziliense.com.br\/cbpoder\/tjdft-julga-constitucionalidade-da-lista-triplice-para-a-direcao-da-policia-civil-e-detran\/","title":{"rendered":"TJDFT julga constitucionalidade da lista tr\u00edplice para a dire\u00e7\u00e3o da Pol\u00edcia Civil e Detran"},"content":{"rendered":"<p><strong>Bruno Lima<\/strong><\/p>\n<p>&nbsp;<\/p>\n<p><span style=\"font-weight: 400\">Depois de mais de um m\u00eas de recesso, o Conselho Especial do Tribunal de Justi\u00e7a do DF e dos Territ\u00f3rios (TJDFT) volta aos trabalhos, nesta ter\u00e7a-feira (23\/01), com o julgamento\u00a0de <a href=\"https:\/\/blogs2.correiobraziliense.com.br\/cbpoder\/mp-entra-com-adin-contra-lei-que-preve-lista-triplice-para-direcao-da-pcdf-e-do-detran\/\" target=\"_blank\">uma a\u00e7\u00e3o direta de inconstitucionalidade (ADI), proposta pelo\u00a0Minist\u00e9rio P\u00fablico do DF e Territ\u00f3rios (MPDFT), que questiona a escolha dos diretores da Pol\u00edcia Civil e do Detran a partir de uma lista tr\u00edplice<\/a>.<\/span><\/p>\n<p>&nbsp;<\/p>\n<p><span style=\"font-weight: 400\">A medida foi aprovada pelos deputados distritais em junho do ano passado, por meio de Emenda \u00e0 Lei Org\u00e2nica. De acordo com a legisla\u00e7\u00e3o, no caso da PCDF, os tr\u00eas nomes seriam enviados ao Executivo por delegados e agentes. No Detran, a indica\u00e7\u00e3o aconteceria\u00a0por todos os servidores efetivos.<\/span><\/p>\n<p>&nbsp;<\/p>\n<p><span style=\"font-weight: 400\">Os procuradores argumentam que a medida \u00e9 inconstitucional, porque fere a prerrogativa do governador do DF de escolher os chefes dos dois \u00f3rg\u00e3os sem precisar do aval\u00a0dos servidores. &#8220;Mostra-se patente a afronta ao princ\u00edpio da separa\u00e7\u00e3o dos poderes\u201d, diz o texto assinado pela vice-procuradora-geral de Justi\u00e7a, Selma Sauerbronn, e pelo promotor de Controle de Constitucionalidade, Luciano Coelho \u00c1vila.<\/span><\/p>\n<p>&nbsp;<\/p>\n<p>S\u00e3o necess\u00e1rios, pelo menos, 14 dos 21 desembargadores presentes para que o recurso seja analisado e votos da maioria absoluta dos componentes do Conselho para aceitar a a\u00e7\u00e3o.\u00a0A relatoria do processo est\u00e1 sob responsabilidade do desembargador Waldir Le\u00f4ncio.<\/p>\n","protected":false},"excerpt":{"rendered":"<p>Bruno Lima &nbsp; Depois de mais de um m\u00eas de recesso, o Conselho Especial do Tribunal de Justi\u00e7a do DF e dos Territ\u00f3rios (TJDFT) volta aos trabalhos, nesta ter\u00e7a-feira (23\/01), com o julgamento\u00a0de uma a\u00e7\u00e3o direta de inconstitucionalidade (ADI), proposta pelo\u00a0Minist\u00e9rio P\u00fablico do DF e Territ\u00f3rios (MPDFT), que questiona a escolha dos diretores da Pol\u00edcia [&hellip;]<\/p>\n","protected":false},"author":90,"featured_media":7853,"comment_status":"open","ping_status":"closed","sticky":false,"template":"","format":"standard","meta":{"wpb_read_more":[],"footnotes":""},"categories":[234],"tags":[1056],"class_list":["post-10381","post","type-post","status-publish","format-standard","has-post-thumbnail","hentry","category-cb-poder","tag-policia-civil-detran-lista-triplice-tjdft-adi"],"_links":{"self":[{"href":"https:\/\/blogs2.correiobraziliense.com.br\/cbpoder\/wp-json\/wp\/v2\/posts\/10381","targetHints":{"allow":["GET"]}}],"collection":[{"href":"https:\/\/blogs2.correiobraziliense.com.br\/cbpoder\/wp-json\/wp\/v2\/posts"}],"about":[{"href":"https:\/\/blogs2.correiobraziliense.com.br\/cbpoder\/wp-json\/wp\/v2\/types\/post"}],"author":[{"embeddable":true,"href":"https:\/\/blogs2.correiobraziliense.com.br\/cbpoder\/wp-json\/wp\/v2\/users\/90"}],"replies":[{"embeddable":true,"href":"https:\/\/blogs2.correiobraziliense.com.br\/cbpoder\/wp-json\/wp\/v2\/comments?post=10381"}],"version-history":[{"count":1,"href":"https:\/\/blogs2.correiobraziliense.com.br\/cbpoder\/wp-json\/wp\/v2\/posts\/10381\/revisions"}],"predecessor-version":[{"id":10382,"href":"https:\/\/blogs2.correiobraziliense.com.br\/cbpoder\/wp-json\/wp\/v2\/posts\/10381\/revisions\/10382"}],"wp:featuredmedia":[{"embeddable":true,"href":"https:\/\/blogs2.correiobraziliense.com.br\/cbpoder\/wp-json\/wp\/v2\/media\/7853"}],"wp:attachment":[{"href":"https:\/\/blogs2.correiobraziliense.com.br\/cbpoder\/wp-json\/wp\/v2\/media?parent=10381"}],"wp:term":[{"taxonomy":"category","embeddable":true,"href":"https:\/\/blogs2.correiobraziliense.com.br\/cbpoder\/wp-json\/wp\/v2\/categories?post=10381"},{"taxonomy":"post_tag","embeddable":true,"href":"https:\/\/blogs2.correiobraziliense.com.br\/cbpoder\/wp-json\/wp\/v2\/tags?post=10381"}],"curies":[{"name":"wp","href":"https:\/\/api.w.org\/{rel}","templated":true}]}}