{"id":10472,"date":"2018-02-01T05:00:49","date_gmt":"2018-02-01T07:00:49","guid":{"rendered":"https:\/\/blogs2.correiobraziliense.com.br\/cbpoder\/?p=10472"},"modified":"2018-02-01T11:37:13","modified_gmt":"2018-02-01T13:37:13","slug":"laudo-iml-aponta-que-roriz-tem-alzheimer-em-estagio-grave","status":"publish","type":"post","link":"https:\/\/blogs2.correiobraziliense.com.br\/cbpoder\/laudo-iml-aponta-que-roriz-tem-alzheimer-em-estagio-grave\/","title":{"rendered":"Laudo do IML aponta que Roriz tem Alzheimer em est\u00e1gio grave"},"content":{"rendered":"<div>ANA MARIA CAMPOS<\/div>\n<div><\/div>\n<div>Quatro vezes governador do Distrito Federal, Joaquim Roriz, 81 anos, tem uma longa trajet\u00f3ria de poder. Nunca perdeu uma elei\u00e7\u00e3o. Amado por uns e rejeitado por outros, ele n\u00e3o passou inc\u00f3lume \u00e0 avalia\u00e7\u00e3o dos moradores da capital do pa\u00eds em quase 30 anos de vida p\u00fablica. Mesmo enquadrado na Lei da Ficha Limpa, n\u00e3o h\u00e1 d\u00favida de que seria um cabo eleitoral poderoso na disputa que se avizinha ou, quem sabe, um candidato forte. Mas Roriz n\u00e3o tem mais sa\u00fade mental para interferir na vida pol\u00edtica da cidade, tampouco para compreender o mundo que o cerca. \u00c9 o que revela laudo do Instituto de Medicina Legal, da Pol\u00edcia Civil do DF, a que a coluna Eixo Capital teve acesso com exclusividade.<\/div>\n<div><\/div>\n<div>Depois de uma avalia\u00e7\u00e3o feita por peritos em quatro de dezembro, o resultado aponta o diagn\u00f3stico de \u201cs\u00edndrome demencial, de etiologia mista, Alzheimer e vascular (CID1O F00.2 e F01.9), em est\u00e1gio grave, com intensa repercuss\u00e3o sobre sua autonomia\u201d. O exame consta de processo criminal em curso na 2\u00aa Vara Criminal de Bras\u00edlia. Trata-se de um incidente de sanidade mental, realizado para avaliar se o ex-governador tem compreens\u00e3o da den\u00fancia de corrup\u00e7\u00e3o que pesa contra ele. A resposta foi: n\u00e3o.<\/div>\n<div><\/div>\n<div><strong>Doen\u00e7a avan\u00e7ou progressivamente<\/strong><\/div>\n<div><\/div>\n<div>Uma das etapas para chegar \u00e0 conclus\u00e3o dos peritos passou por entrevista com dona Weslian Roriz, mulher do ex-governador. Ela fez um relato dram\u00e1tico sobre a situa\u00e7\u00e3o do marido, com quem est\u00e1 casada h\u00e1 quase 60 anos.<\/div>\n<div><\/div>\n<div>A doen\u00e7a come\u00e7ou a se agravar h\u00e1 oito anos. Desde 2015, piorou bastante. Ele come\u00e7ou a se mostrar melanc\u00f3lico, foi visto chorando pelos cantos, impaciente, muitas vezes sem reconhecer pessoas pr\u00f3ximas da fam\u00edlia, como filhas e netos, e a pr\u00f3pria casa. H\u00e1 tr\u00eas anos, Roriz foi submetido a uma cirurgia na coluna em S\u00e3o Paulo, quando come\u00e7ou a usar bengala e depois passou para a cadeira de rodas por conta da dor. Nas visitas, os familiares anunciavam antigos aliados e amigos, que eram tratados como estranhos. Dona Weslian contou que Roriz desconhece dinheiro, n\u00e3o sabe o que acontece na pol\u00edtica e a chama frequentemente ao longo do dia.<\/div>\n<div><\/div>\n<div><strong>Cirurgias, amputa\u00e7\u00f5es e falta de percep\u00e7\u00e3o do pr\u00f3prio corpo<\/strong><\/div>\n<div>Na descri\u00e7\u00e3o do dia a dia de Joaquim Roriz, dona Weslian contou \u00e0 per\u00edcia do Instituto de Medicina Legal (IML) que o ex-governador n\u00e3o consegue usar o telefone, ler, escrever, participar de atividades na comunidade, n\u00e3o tem passatempos, n\u00e3o executa sequer tarefas dom\u00e9sticas simples e n\u00e3o consegue manter seus cuidados pessoais de forma aut\u00f4noma.<\/div>\n<div><\/div>\n<div>Ela revelou que Roriz atualmente chama por familiares que j\u00e1 morreram. O pol\u00edtico tem diabetes, faz hemodi\u00e1lise diariamente, realizou cirurgias de revasculariza\u00e7\u00e3o mioc\u00e1rdica, com o implante de tr\u00eas pontes de safena e de duas mam\u00e1rias, todas realizadas em S\u00e3o Paulo. No ano passado, o ex-governador foi submetido a amputa\u00e7\u00e3o da perna direita abaixo do joelho e de dedos do p\u00e9 esquerdo. Por\u00e9m, segundo a avalia\u00e7\u00e3o de Dona Weslian, ele sequer percebe que j\u00e1 n\u00e3o tem parte do corpo.<\/div>\n<div><\/div>\n<div><strong>Doen\u00e7a se agravou com ocaso na pol\u00edtica<\/strong><\/div>\n<div>Pelo laudo do IML, Joaquim Roriz come\u00e7ou a piorar em 2010, no ano em que teve de deixar a disputa eleitoral por decis\u00e3o da Justi\u00e7a. Tr\u00eas anos antes, ele renunciou ao mandato de senador devido ao esc\u00e2ndalo que ficou conhecido como \u201cBezerra de Ouro\u201d. Por conta disso, foi enquadrado na Lei da Ficha Limpa e se tornou ineleg\u00edvel at\u00e9 2022. Em seu lugar na campanha, entrou dona Weslian Roriz, sua fiel companheira, que perdeu a disputa no segundo turno para o petista Agnelo Queiroz.<\/div>\n<div><\/div>\n<div><strong>Sil\u00eancio<\/strong><\/div>\n<div>Na hora do exame, Joaquim Roriz n\u00e3o demonstrou compreender a situa\u00e7\u00e3o. Segundo o laudo, teve atitude indiferente para o exame, em n\u00edtida apatia. N\u00e3o respondeu a nenhum questionamento realizado pelo m\u00e9dico. Manteve-se a maior parte do tempo olhando para frente, com pouca express\u00e3o facial e em sil\u00eancio.<\/div>\n<div><\/div>\n<div><strong>Suspens\u00e3o das a\u00e7\u00f5es<\/strong><\/div>\n<div>O coordenador do Grupo de Atua\u00e7\u00e3o Especial de Combate ao Crime Organizado (Gaeco), Clayton Germano, disse que o Minist\u00e9rio P\u00fablico do Distrito Federal e Territ\u00f3rios (MPDFT) vai analisar o laudo para verificar se \u00e9 o caso de pedir uma an\u00e1lise complementar ou a homologa\u00e7\u00e3o do exame j\u00e1 realizado pelo Instituto de Medicina Legal, por determina\u00e7\u00e3o da Justi\u00e7a.<\/div>\n<div><\/div>\n<div>Caso seja mantido o laudo, o MPDFT vai pedir a suspens\u00e3o do processo de Joaquim Roriz e o prosseguimento em rela\u00e7\u00e3o aos demais r\u00e9us, como determina o artigo 149 do C\u00f3digo de Processo Penal. Trata-se da a\u00e7\u00e3o penal que aponta favorecimento \u00e0 empresa WRJ na constru\u00e7\u00e3o do residencial Monet, em \u00c1guas Claras. Com base nesse entendimento, todas as a\u00e7\u00f5es penais contra Roriz tamb\u00e9m dever\u00e3o ser interrompidas.<\/div>\n<div><\/div>\n<div><\/div>\n","protected":false},"excerpt":{"rendered":"<p>ANA MARIA CAMPOS Quatro vezes governador do Distrito Federal, Joaquim Roriz, 81 anos, tem uma longa trajet\u00f3ria de poder. Nunca perdeu uma elei\u00e7\u00e3o. Amado por uns e rejeitado por outros, ele n\u00e3o passou inc\u00f3lume \u00e0 avalia\u00e7\u00e3o dos moradores da capital do pa\u00eds em quase 30 anos de vida p\u00fablica. Mesmo enquadrado na Lei da Ficha [&hellip;]<\/p>\n","protected":false},"author":9,"featured_media":10473,"comment_status":"open","ping_status":"closed","sticky":false,"template":"","format":"standard","meta":{"wpb_read_more":[],"footnotes":""},"categories":[234],"tags":[1088,1089,468,56],"class_list":["post-10472","post","type-post","status-publish","format-standard","has-post-thumbnail","hentry","category-cb-poder","tag-alzheimer","tag-incidente-de-sanidade-mental","tag-joaquim-roriz","tag-justica"],"_links":{"self":[{"href":"https:\/\/blogs2.correiobraziliense.com.br\/cbpoder\/wp-json\/wp\/v2\/posts\/10472","targetHints":{"allow":["GET"]}}],"collection":[{"href":"https:\/\/blogs2.correiobraziliense.com.br\/cbpoder\/wp-json\/wp\/v2\/posts"}],"about":[{"href":"https:\/\/blogs2.correiobraziliense.com.br\/cbpoder\/wp-json\/wp\/v2\/types\/post"}],"author":[{"embeddable":true,"href":"https:\/\/blogs2.correiobraziliense.com.br\/cbpoder\/wp-json\/wp\/v2\/users\/9"}],"replies":[{"embeddable":true,"href":"https:\/\/blogs2.correiobraziliense.com.br\/cbpoder\/wp-json\/wp\/v2\/comments?post=10472"}],"version-history":[{"count":5,"href":"https:\/\/blogs2.correiobraziliense.com.br\/cbpoder\/wp-json\/wp\/v2\/posts\/10472\/revisions"}],"predecessor-version":[{"id":10484,"href":"https:\/\/blogs2.correiobraziliense.com.br\/cbpoder\/wp-json\/wp\/v2\/posts\/10472\/revisions\/10484"}],"wp:featuredmedia":[{"embeddable":true,"href":"https:\/\/blogs2.correiobraziliense.com.br\/cbpoder\/wp-json\/wp\/v2\/media\/10473"}],"wp:attachment":[{"href":"https:\/\/blogs2.correiobraziliense.com.br\/cbpoder\/wp-json\/wp\/v2\/media?parent=10472"}],"wp:term":[{"taxonomy":"category","embeddable":true,"href":"https:\/\/blogs2.correiobraziliense.com.br\/cbpoder\/wp-json\/wp\/v2\/categories?post=10472"},{"taxonomy":"post_tag","embeddable":true,"href":"https:\/\/blogs2.correiobraziliense.com.br\/cbpoder\/wp-json\/wp\/v2\/tags?post=10472"}],"curies":[{"name":"wp","href":"https:\/\/api.w.org\/{rel}","templated":true}]}}