{"id":10560,"date":"2018-02-07T20:27:21","date_gmt":"2018-02-07T22:27:21","guid":{"rendered":"https:\/\/blogs2.correiobraziliense.com.br\/cbpoder\/?p=10560"},"modified":"2018-02-07T20:27:21","modified_gmt":"2018-02-07T22:27:21","slug":"agnelo-defende-seu-legado-e-critica-sucessor-o-governo-rollemberg-e-que-nao-agiu","status":"publish","type":"post","link":"https:\/\/blogs2.correiobraziliense.com.br\/cbpoder\/agnelo-defende-seu-legado-e-critica-sucessor-o-governo-rollemberg-e-que-nao-agiu\/","title":{"rendered":"Agnelo defende seu legado e critica sucessor: &#8220;O governo Rollemberg \u00e9 que n\u00e3o agiu&#8221;"},"content":{"rendered":"<p>ANA MARIA CAMPOS<\/p>\n<p>Distante da atividade pol\u00edtica, o ex-governador Agnelo Queiroz (PT) reagiu hoje (07\/02) \u00e0s declara\u00e7\u00f5es de integrantes do atual governo sobre prioridades de sua gest\u00e3o. Em entrevista nesta manh\u00e3, ao ser cobrado pela imprensa sobre a responsabilidade pelo desabamento do viaduto da Galeria dos Estados, o chefe da Casa Civil, S\u00e9rgio Sampaio, atribuiu \u00e0 destina\u00e7\u00e3o de recursos para o Est\u00e1dio Nacional de Bras\u00edlia Man\u00e9 Garrincha as dificuldades para manuten\u00e7\u00e3o da obra. &#8220;Foram prioridades estabelecidas, a nosso ver, de forma err\u00f4nea quando se investiu, por exemplo, R$ 2 bilh\u00f5es num est\u00e1dio em vez de se fazer a recupera\u00e7\u00e3o de estruturas que s\u00e3o essenciais para o funcionamento da nossa cidade&#8221;, declarou Sampaio, diante dos entulhos na \u00e1rea central de Bras\u00edlia.<\/p>\n<p>Em nota que cita sua gest\u00e3o, Agnelo reagiu: &#8220;O governo Rollemberg se apressou em tentar atribuir\u00a0a culpa pela falta de manuten\u00e7\u00e3o\u00a0aos governos anteriores.\u00a0Trata-se de uma uma acusa\u00e7\u00e3o leviana e irrespons\u00e1vel, porque, desde o in\u00edcio, o governo Agnelo agiu para resolver os problemas dos viadutos&#8221;. O ex-governador garante que atuou com rigor nas obras do viaduto da Galeria dos Estados, que desmoronou. Segundo ele, seu governo fez a inspe\u00e7\u00e3o que confirmou os problemas, providenciou o projeto b\u00e1sico da obra e licitou o projeto-executivo, desenvolvido pela empresa SBE. &#8220;O governo Rollemberg \u00e9 que n\u00e3o agiu. N\u00e3o fez nada a partir da\u00ed&#8221;, acrescenta.<\/p>\n<p>Agnelo aponta ter dado prioridade, somente na \u00e1rea central de Bras\u00edlia, a 13 obras que apresentavam maior risco. Dessas, teria conclu\u00eddo seis viadutos e deixado para o sucessor, Rodrigo Rollemberg, sete projetos executivos prontos. \u00a0&#8220;\u00c9 preciso lembrar que esse trabalho n\u00e3o se faz com um simples estalar dos dedos. \u00c9 preciso vistoriar, realizar ensaios, montar um projeto b\u00e1sico e, somente depois, licitar o projeto-executivo e dar in\u00edcio \u00e0 execu\u00e7\u00e3o das obras. O governo Agnelo cumpriu diversas dessas etapas nos 13 projetos de maior risco&#8221;, afirma.<\/p>\n<p>O ex-governador ainda critica a postura de Rollemberg por ter vetado uma lei aprovada pela C\u00e2mara Legislativa, de autoria do deputado Cristiano Ara\u00fajo (PSD), que obriga o governo a realizar anualmente inspe\u00e7\u00f5es e vistorias nas edifica\u00e7\u00f5es p\u00fablicas. &#8220;Mesmo depois que a C\u00e2mara Distrital derrubou o veto, o governador n\u00e3o cumpriu a lei&#8221;, acusa\u00a0Agnelo.<\/p>\n<p>Na nota, o petista afirma que sua preocupa\u00e7\u00e3o com a recupera\u00e7\u00e3o dos viadutos de Bras\u00edlia o levou a uma viagem \u00e0 Alemanha, em 2013, em busca de novas tecnologias para a conserva\u00e7\u00e3o de constru\u00e7\u00f5es especiais. Agnelo assinou um conv\u00eanio com a Basf, para aquisi\u00e7\u00e3o dessas tecnologias, e com a FTDE \u2013 Funda\u00e7\u00e3o para o Desenvolvimento Tecnol\u00f3gico do DF, com esse prop\u00f3sito. Agnelo aponta que o conv\u00eanio, no entanto, foi abandonado pelo governo Rollemberg.<\/p>\n<p>Ainda segundo Agnelo, o abandono a que o atual governo est\u00e1 deixando Bras\u00edlia pode ser comprovado pelo seguinte fato: a suspens\u00e3o de um contrato para monitoramento da Ponte JK coloca, de acordo com o petista, o empreendimento em risco.\u00a0&#8220;Muitos se lembram dos trabalhos de manuten\u00e7\u00e3o da ponte JK, feitos em 2011. A partir da\u00ed, o governo Agnelo contratou um novo monitoramento da ponte, com prazo vigente at\u00e9 2017. Sem querer alarmar nossa popula\u00e7\u00e3o, n\u00e3o se tem not\u00edcia de uma renova\u00e7\u00e3o deste contrato at\u00e9 agora, deixando sem monitoramento uma ponte de tamanha envergadura&#8221;.<\/p>\n","protected":false},"excerpt":{"rendered":"<p>ANA MARIA CAMPOS Distante da atividade pol\u00edtica, o ex-governador Agnelo Queiroz (PT) reagiu hoje (07\/02) \u00e0s declara\u00e7\u00f5es de integrantes do atual governo sobre prioridades de sua gest\u00e3o. Em entrevista nesta manh\u00e3, ao ser cobrado pela imprensa sobre a responsabilidade pelo desabamento do viaduto da Galeria dos Estados, o chefe da Casa Civil, S\u00e9rgio Sampaio, atribuiu [&hellip;]<\/p>\n","protected":false},"author":9,"featured_media":7733,"comment_status":"open","ping_status":"closed","sticky":false,"template":"","format":"standard","meta":{"wpb_read_more":[],"footnotes":""},"categories":[234],"tags":[358,1107,193,920,1026],"class_list":["post-10560","post","type-post","status-publish","format-standard","has-post-thumbnail","hentry","category-cb-poder","tag-agnelo-queiroz","tag-ataques","tag-rodrigo-rollemberg","tag-sergio-sampaio","tag-viaduto"],"_links":{"self":[{"href":"https:\/\/blogs2.correiobraziliense.com.br\/cbpoder\/wp-json\/wp\/v2\/posts\/10560","targetHints":{"allow":["GET"]}}],"collection":[{"href":"https:\/\/blogs2.correiobraziliense.com.br\/cbpoder\/wp-json\/wp\/v2\/posts"}],"about":[{"href":"https:\/\/blogs2.correiobraziliense.com.br\/cbpoder\/wp-json\/wp\/v2\/types\/post"}],"author":[{"embeddable":true,"href":"https:\/\/blogs2.correiobraziliense.com.br\/cbpoder\/wp-json\/wp\/v2\/users\/9"}],"replies":[{"embeddable":true,"href":"https:\/\/blogs2.correiobraziliense.com.br\/cbpoder\/wp-json\/wp\/v2\/comments?post=10560"}],"version-history":[{"count":2,"href":"https:\/\/blogs2.correiobraziliense.com.br\/cbpoder\/wp-json\/wp\/v2\/posts\/10560\/revisions"}],"predecessor-version":[{"id":10562,"href":"https:\/\/blogs2.correiobraziliense.com.br\/cbpoder\/wp-json\/wp\/v2\/posts\/10560\/revisions\/10562"}],"wp:featuredmedia":[{"embeddable":true,"href":"https:\/\/blogs2.correiobraziliense.com.br\/cbpoder\/wp-json\/wp\/v2\/media\/7733"}],"wp:attachment":[{"href":"https:\/\/blogs2.correiobraziliense.com.br\/cbpoder\/wp-json\/wp\/v2\/media?parent=10560"}],"wp:term":[{"taxonomy":"category","embeddable":true,"href":"https:\/\/blogs2.correiobraziliense.com.br\/cbpoder\/wp-json\/wp\/v2\/categories?post=10560"},{"taxonomy":"post_tag","embeddable":true,"href":"https:\/\/blogs2.correiobraziliense.com.br\/cbpoder\/wp-json\/wp\/v2\/tags?post=10560"}],"curies":[{"name":"wp","href":"https:\/\/api.w.org\/{rel}","templated":true}]}}