{"id":10596,"date":"2018-02-18T05:00:01","date_gmt":"2018-02-18T08:00:01","guid":{"rendered":"https:\/\/blogs2.correiobraziliense.com.br\/cbpoder\/?p=10596"},"modified":"2018-02-17T17:32:36","modified_gmt":"2018-02-17T19:32:36","slug":"por-meio-de-versos-promotor-pede-arquivamento-de-processo-por-furto-de-biblia","status":"publish","type":"post","link":"https:\/\/blogs2.correiobraziliense.com.br\/cbpoder\/por-meio-de-versos-promotor-pede-arquivamento-de-processo-por-furto-de-biblia\/","title":{"rendered":"Por meio de versos, promotor pede arquivamento de processo por furto de b\u00edblia"},"content":{"rendered":"<p>ANA MARIA CAMPOS<\/p>\n<p>A Justi\u00e7a do DF arquivou um processo criminal de furto por insignific\u00e2ncia do caso. O detalhe \u00e9 que a manifesta\u00e7\u00e3o do Minist\u00e9rio P\u00fablico do DF foi feita por meio de versos.<\/p>\n<p>A hist\u00f3ria j\u00e1 come\u00e7a curiosa. Um homem entrou na Livraria Cultura do Iguatemi Shopping se interessou por uma b\u00edblia de capa dura que vale aproximadamente R$ 150, colocou debaixo da cal\u00e7a e tentou sair sem pagar. Flagrado pelos seguran\u00e7as, ele prestou depoimento na delegacia e se disse arrependido. Foi indiciado pela Pol\u00edcia Civil do DF, mas poupado de uma condena\u00e7\u00e3o.<\/p>\n<p>O promotor de Justi\u00e7a Valmir Soares Santos (<strong>foto<\/strong>), que \u00e9 ateu, conta que n\u00e3o se impressionou por se tratar de um livro religioso. Disse que agiria assim qualquer que fosse a publica\u00e7\u00e3o. Mesmo se fosse o Kama Sutra? Sim, ele respondeu. \u00c9 que Valmir defende o que considera \u201cprocessos judiciais mais humanit\u00e1rios\u201d.<\/p>\n<p>Para ele, a pris\u00e3o \u00e9 uma puni\u00e7\u00e3o que n\u00e3o traz nenhum benef\u00edcio. \u201cCastigo n\u00e3o educa\u201d, acredita. Veja a manifesta\u00e7\u00e3o do promotor, considerada \u201cbrilhante e po\u00e9tica\u201d pelo juiz Osvaldo Tovani, da Oitava Vara Criminal de Bras\u00edlia, que a acatou:<\/p>\n<p>O indiciado Willas queria orar<br \/>\nNa livraria Cultura decidiu entrar<br \/>\nSem dinheiro para pagar<br \/>\nUma b\u00edblia decidiu furtar<\/p>\n<p>O seguran\u00e7a desconfiado passou a monitorar<br \/>\nE viu Willas uma b\u00edblia nas cal\u00e7as guardar<br \/>\nDepois de passar pelos caixas sem pagar<br \/>\nO seguran\u00e7a resolveu abordar<\/p>\n<p>Preso com a b\u00edblia nas cal\u00e7as decidiu confessar<br \/>\nE a b\u00edblia entregar<br \/>\nPedindo a Deus para perdoar<br \/>\nJ\u00e1 que com a b\u00edblia n\u00e3o poderia louvar<\/p>\n<p>Assim, n\u00e3o me parece razo\u00e1vel tamb\u00e9m denunciar<br \/>\nPois, se cabe a Deus perdoar<br \/>\nO que podemos fazer \u00e9 arquivar<br \/>\nE para isso, senhor juiz, o artigo 395, CPP pe\u00e7o para aplicar<\/p>\n<p>Outros poemas<br \/>\nN\u00e3o \u00e9 a primeira vez que o promotor Valmir Soares Santos, da 15\u00aa Promotoria Criminal de Bras\u00edlia, se manifesta nos autos por meio de versos.<\/p>\n<p>Quando atuou no Tribunal do J\u00fari do Gama, costumava fazer poemas de despedidas para r\u00e9us que morriam durante o processo judicial. Antes de encerrar o caso, caprichava nas palavras para dar adeus ao falecido que obviamente n\u00e3o poderia mais pagar na Terra pelo homic\u00eddio que passaria pelo crivo dos jurados.<\/p>\n<p>Ele tamb\u00e9m adotou o estilo teol\u00f3gico num caso em que um morador de rua passou dois meses preso por furtar 10 ma\u00e7\u00e3s. \u201cO fruto \u00e9 o mal da humanidade. N\u00e3o podemos fazer nada por Ad\u00e3o e Eva, mas Jos\u00e9 Ferreira eu pude salvar\u201d, diz.<\/p>\n<p>Numa audi\u00eancia, ele tamb\u00e9m se comoveu pelo pedido de uma noiva que estava para perder o casamento porque seu parceiro estava preso por portar uma elevada quantidade de maconha. Valmir pediu a condena\u00e7\u00e3o, mas que ele cumprisse a pena em regime aberto. E assim foi feito.<\/p>\n<p>Cora\u00e7\u00e3o mole? \u201cN\u00e3o. Minhas manifesta\u00e7\u00f5es s\u00e3o baseadas no direito penal\u201d, garante. H\u00e1 20 anos no MPDFT, ele foi agente da PF por 10 anos e come\u00e7ou a vida como sargento do Ex\u00e9rcito. A chave para o fim da criminalidade, aos olhos do promotor, n\u00e3o \u00e9 a pris\u00e3o.<\/p>\n","protected":false},"excerpt":{"rendered":"<p>ANA MARIA CAMPOS A Justi\u00e7a do DF arquivou um processo criminal de furto por insignific\u00e2ncia do caso. O detalhe \u00e9 que a manifesta\u00e7\u00e3o do Minist\u00e9rio P\u00fablico do DF foi feita por meio de versos. A hist\u00f3ria j\u00e1 come\u00e7a curiosa. Um homem entrou na Livraria Cultura do Iguatemi Shopping se interessou por uma b\u00edblia de capa [&hellip;]<\/p>\n","protected":false},"author":9,"featured_media":10597,"comment_status":"open","ping_status":"closed","sticky":false,"template":"","format":"standard","meta":{"wpb_read_more":[],"footnotes":""},"categories":[234],"tags":[1121,711,93,1120,1123,1122],"class_list":["post-10596","post","type-post","status-publish","format-standard","has-post-thumbnail","hentry","category-cb-poder","tag-biblia","tag-furto","tag-ministerio-publico","tag-shopping","tag-valmir-soares-santos","tag-versos"],"_links":{"self":[{"href":"https:\/\/blogs2.correiobraziliense.com.br\/cbpoder\/wp-json\/wp\/v2\/posts\/10596","targetHints":{"allow":["GET"]}}],"collection":[{"href":"https:\/\/blogs2.correiobraziliense.com.br\/cbpoder\/wp-json\/wp\/v2\/posts"}],"about":[{"href":"https:\/\/blogs2.correiobraziliense.com.br\/cbpoder\/wp-json\/wp\/v2\/types\/post"}],"author":[{"embeddable":true,"href":"https:\/\/blogs2.correiobraziliense.com.br\/cbpoder\/wp-json\/wp\/v2\/users\/9"}],"replies":[{"embeddable":true,"href":"https:\/\/blogs2.correiobraziliense.com.br\/cbpoder\/wp-json\/wp\/v2\/comments?post=10596"}],"version-history":[{"count":2,"href":"https:\/\/blogs2.correiobraziliense.com.br\/cbpoder\/wp-json\/wp\/v2\/posts\/10596\/revisions"}],"predecessor-version":[{"id":10599,"href":"https:\/\/blogs2.correiobraziliense.com.br\/cbpoder\/wp-json\/wp\/v2\/posts\/10596\/revisions\/10599"}],"wp:featuredmedia":[{"embeddable":true,"href":"https:\/\/blogs2.correiobraziliense.com.br\/cbpoder\/wp-json\/wp\/v2\/media\/10597"}],"wp:attachment":[{"href":"https:\/\/blogs2.correiobraziliense.com.br\/cbpoder\/wp-json\/wp\/v2\/media?parent=10596"}],"wp:term":[{"taxonomy":"category","embeddable":true,"href":"https:\/\/blogs2.correiobraziliense.com.br\/cbpoder\/wp-json\/wp\/v2\/categories?post=10596"},{"taxonomy":"post_tag","embeddable":true,"href":"https:\/\/blogs2.correiobraziliense.com.br\/cbpoder\/wp-json\/wp\/v2\/tags?post=10596"}],"curies":[{"name":"wp","href":"https:\/\/api.w.org\/{rel}","templated":true}]}}