{"id":10677,"date":"2018-02-28T14:32:46","date_gmt":"2018-02-28T17:32:46","guid":{"rendered":"https:\/\/blogs2.correiobraziliense.com.br\/cbpoder\/?p=10677"},"modified":"2018-02-28T14:35:57","modified_gmt":"2018-02-28T17:35:57","slug":"sandra-faraj-registra-ocorrencia-por-ser-chamada-de-corrupta","status":"publish","type":"post","link":"https:\/\/blogs2.correiobraziliense.com.br\/cbpoder\/sandra-faraj-registra-ocorrencia-por-ser-chamada-de-corrupta\/","title":{"rendered":"Sandra Faraj registra ocorr\u00eancia por ser chamada de corrupta"},"content":{"rendered":"<p>ANA MARIA CAMPOS<\/p>\n<p>A deputada Sandra Faraj (Sem partido) registrou ocorr\u00eancia na Delegacia Especial de Repress\u00e3o aos Crimes Cibern\u00e9ticos da Pol\u00edcia Civil como v\u00edtima de crime de difama\u00e7\u00e3o.<\/p>\n<p>Ela reclama de um perfil do Facebook que reproduziu uma foto de pol\u00edticos evang\u00e9licos que se mobilizaram em uma frente pol\u00edtica.<\/p>\n<p>A publica\u00e7\u00e3o faz refer\u00eancia aos deputados que respondem a den\u00fancias de corrup\u00e7\u00e3o, como Faraj, alvo de uma a\u00e7\u00e3o penal por estelionato, cujo recebimento ser\u00e1 analisado na pr\u00f3xima semana pelo Conselho Especial do Tribunal de Justi\u00e7a do DF.<\/p>\n<p>Segundo o Minist\u00e9rio P\u00fablico, a deputada desviou para o pr\u00f3prio bolso recursos da verba indenizat\u00f3ria da C\u00e2mara. O caso \u00e9 tratado na Opera\u00e7\u00e3o Hermera.<\/p>\n<p>Al\u00e9m da distrital, a comunidade do Facebook aponta Celina Le\u00e3o (PPS) e J\u00falio C\u00e9sar (PRB), que respondem na Opera\u00e7\u00e3o Dr\u00e1con. Neste caso, a den\u00fancia foi recebida pelo Tribunal de Justi\u00e7a do DF e o processo est\u00e1 em tramita\u00e7\u00e3o.<\/p>\n<p>Sandra Faraj prestou depoimento em 15 de fevereiro ao delegado Giancarlos Zuliani.<\/p>\n<p>&nbsp;<\/p>\n","protected":false},"excerpt":{"rendered":"<p>ANA MARIA CAMPOS A deputada Sandra Faraj (Sem partido) registrou ocorr\u00eancia na Delegacia Especial de Repress\u00e3o aos Crimes Cibern\u00e9ticos da Pol\u00edcia Civil como v\u00edtima de crime de difama\u00e7\u00e3o. Ela reclama de um perfil do Facebook que reproduziu uma foto de pol\u00edticos evang\u00e9licos que se mobilizaram em uma frente pol\u00edtica. A publica\u00e7\u00e3o faz refer\u00eancia aos deputados [&hellip;]<\/p>\n","protected":false},"author":9,"featured_media":10641,"comment_status":"open","ping_status":"closed","sticky":false,"template":"","format":"standard","meta":{"wpb_read_more":[],"footnotes":""},"categories":[234],"tags":[1154,1153,1155,29],"class_list":["post-10677","post","type-post","status-publish","format-standard","has-post-thumbnail","hentry","category-cb-poder","tag-delegacia-de-repressao-a-crimes-ciberneticos","tag-ocorrencia","tag-operacao-hermera","tag-sandra-faraj"],"_links":{"self":[{"href":"https:\/\/blogs2.correiobraziliense.com.br\/cbpoder\/wp-json\/wp\/v2\/posts\/10677","targetHints":{"allow":["GET"]}}],"collection":[{"href":"https:\/\/blogs2.correiobraziliense.com.br\/cbpoder\/wp-json\/wp\/v2\/posts"}],"about":[{"href":"https:\/\/blogs2.correiobraziliense.com.br\/cbpoder\/wp-json\/wp\/v2\/types\/post"}],"author":[{"embeddable":true,"href":"https:\/\/blogs2.correiobraziliense.com.br\/cbpoder\/wp-json\/wp\/v2\/users\/9"}],"replies":[{"embeddable":true,"href":"https:\/\/blogs2.correiobraziliense.com.br\/cbpoder\/wp-json\/wp\/v2\/comments?post=10677"}],"version-history":[{"count":2,"href":"https:\/\/blogs2.correiobraziliense.com.br\/cbpoder\/wp-json\/wp\/v2\/posts\/10677\/revisions"}],"predecessor-version":[{"id":10679,"href":"https:\/\/blogs2.correiobraziliense.com.br\/cbpoder\/wp-json\/wp\/v2\/posts\/10677\/revisions\/10679"}],"wp:featuredmedia":[{"embeddable":true,"href":"https:\/\/blogs2.correiobraziliense.com.br\/cbpoder\/wp-json\/wp\/v2\/media\/10641"}],"wp:attachment":[{"href":"https:\/\/blogs2.correiobraziliense.com.br\/cbpoder\/wp-json\/wp\/v2\/media?parent=10677"}],"wp:term":[{"taxonomy":"category","embeddable":true,"href":"https:\/\/blogs2.correiobraziliense.com.br\/cbpoder\/wp-json\/wp\/v2\/categories?post=10677"},{"taxonomy":"post_tag","embeddable":true,"href":"https:\/\/blogs2.correiobraziliense.com.br\/cbpoder\/wp-json\/wp\/v2\/tags?post=10677"}],"curies":[{"name":"wp","href":"https:\/\/api.w.org\/{rel}","templated":true}]}}