{"id":10755,"date":"2018-03-12T19:05:39","date_gmt":"2018-03-12T22:05:39","guid":{"rendered":"https:\/\/blogs2.correiobraziliense.com.br\/cbpoder\/?p=10755"},"modified":"2018-03-13T01:47:16","modified_gmt":"2018-03-13T04:47:16","slug":"joe-valle-faz-exames-apos-caso-de-meningite-na-camara-legislativa","status":"publish","type":"post","link":"https:\/\/blogs2.correiobraziliense.com.br\/cbpoder\/joe-valle-faz-exames-apos-caso-de-meningite-na-camara-legislativa\/","title":{"rendered":"Joe Valle faz exames ap\u00f3s caso de meningite na C\u00e2mara Legislativa"},"content":{"rendered":"<p><strong>Bruno Lima<\/strong><\/p>\n<p>&nbsp;<\/p>\n<p>Com febre e dores de cabe\u00e7a, o presidente da C\u00e2mara Legislativa e pr\u00e9-candidato ao Pal\u00e1cio do Buriti, Joe Valle (PDT), passou por exames m\u00e9dicos nesta segunda-feira (12\/3) ap\u00f3s a confirma\u00e7\u00e3o de um caso de meningite na Casa. Na \u00faltima semana, o\u00a0parlamentar teve contato por mais de quatro horas com o servidor infectado, Carlos Ant\u00f4nio Vieira J\u00fanior. O chefe de cerimonial,\u00a0lotado na presid\u00eancia do Legislativo local, foi internado no fim de semana depois de apresentar sintomas da doen\u00e7a.<\/p>\n<p>&nbsp;<\/p>\n<p>Na tarde desta segunda, os m\u00e9dicos do Setor de Assist\u00eancia \u00e0 Sa\u00fade da CLDF atenderam servidores que tiveram contato direto com o cerimonialista desde a \u00faltima quinta-feira (8), o que incluiu Valle. De acordo com o presidente, a an\u00e1lise laboratorial \u00e9 \u201capenas precau\u00e7\u00e3o do servi\u00e7o m\u00e9dico\u201d. \u201cComo tive contato por mais de quatro horas na semana passada com o Carlos, que est\u00e1 com meningite, e tive febre \u00e0 noite e uma leve dor de cabe\u00e7a, a m\u00e9dica da C\u00e2mara me pediu os exames de rotina\u201d, explicou. Ap\u00f3s a avalia\u00e7\u00e3o, o presidente do Legislativo local voltou para casa e aguarda os resultados.<\/p>\n<p>&nbsp;<\/p>\n<p><span style=\"font-weight: 400\">A meningite \u00e9 uma inflama\u00e7\u00e3o das meninges, que s\u00e3o as membranas que envolvem o c\u00e9rebro. Existem diversos tipos de meningite, e para cada um deles h\u00e1 causa e sintomas espec\u00edficos. A infec\u00e7\u00e3o das meninges (membranas que envolvem o c\u00e9rebro e a medula), pode ser provocada por v\u00edrus, mas a forma mais comum de meningite \u00e9 causada por uma bact\u00e9ria \u2014 o meningococo. Os sintomas iniciais s\u00e3o febre alta, n\u00e1useas, v\u00f4mitos e rigidez dos m\u00fasculos da nuca. O doente n\u00e3o consegue encostar o queixo no peito e deve ser hospitalizado imediatamente, sendo submetido a tratamento por antibi\u00f3ticos, pois a doen\u00e7a \u00e9 fatal. Como \u00e9 transmitida por espirro, tosse ou fala, \u00e9 importante a notifica\u00e7\u00e3o.<\/span><\/p>\n<p>&nbsp;<\/p>\n","protected":false},"excerpt":{"rendered":"<p>Bruno Lima &nbsp; Com febre e dores de cabe\u00e7a, o presidente da C\u00e2mara Legislativa e pr\u00e9-candidato ao Pal\u00e1cio do Buriti, Joe Valle (PDT), passou por exames m\u00e9dicos nesta segunda-feira (12\/3) ap\u00f3s a confirma\u00e7\u00e3o de um caso de meningite na Casa. Na \u00faltima semana, o\u00a0parlamentar teve contato por mais de quatro horas com o servidor infectado, [&hellip;]<\/p>\n","protected":false},"author":90,"featured_media":9495,"comment_status":"open","ping_status":"closed","sticky":false,"template":"","format":"standard","meta":{"wpb_read_more":[],"footnotes":""},"categories":[234],"tags":[70,1167,400,266,1166],"class_list":["post-10755","post","type-post","status-publish","format-standard","has-post-thumbnail","hentry","category-cb-poder","tag-camara-legislativa","tag-cerimonialista","tag-cldf","tag-joe-valle","tag-meningite"],"_links":{"self":[{"href":"https:\/\/blogs2.correiobraziliense.com.br\/cbpoder\/wp-json\/wp\/v2\/posts\/10755","targetHints":{"allow":["GET"]}}],"collection":[{"href":"https:\/\/blogs2.correiobraziliense.com.br\/cbpoder\/wp-json\/wp\/v2\/posts"}],"about":[{"href":"https:\/\/blogs2.correiobraziliense.com.br\/cbpoder\/wp-json\/wp\/v2\/types\/post"}],"author":[{"embeddable":true,"href":"https:\/\/blogs2.correiobraziliense.com.br\/cbpoder\/wp-json\/wp\/v2\/users\/90"}],"replies":[{"embeddable":true,"href":"https:\/\/blogs2.correiobraziliense.com.br\/cbpoder\/wp-json\/wp\/v2\/comments?post=10755"}],"version-history":[{"count":3,"href":"https:\/\/blogs2.correiobraziliense.com.br\/cbpoder\/wp-json\/wp\/v2\/posts\/10755\/revisions"}],"predecessor-version":[{"id":10761,"href":"https:\/\/blogs2.correiobraziliense.com.br\/cbpoder\/wp-json\/wp\/v2\/posts\/10755\/revisions\/10761"}],"wp:featuredmedia":[{"embeddable":true,"href":"https:\/\/blogs2.correiobraziliense.com.br\/cbpoder\/wp-json\/wp\/v2\/media\/9495"}],"wp:attachment":[{"href":"https:\/\/blogs2.correiobraziliense.com.br\/cbpoder\/wp-json\/wp\/v2\/media?parent=10755"}],"wp:term":[{"taxonomy":"category","embeddable":true,"href":"https:\/\/blogs2.correiobraziliense.com.br\/cbpoder\/wp-json\/wp\/v2\/categories?post=10755"},{"taxonomy":"post_tag","embeddable":true,"href":"https:\/\/blogs2.correiobraziliense.com.br\/cbpoder\/wp-json\/wp\/v2\/tags?post=10755"}],"curies":[{"name":"wp","href":"https:\/\/api.w.org\/{rel}","templated":true}]}}