{"id":11017,"date":"2018-04-09T18:43:30","date_gmt":"2018-04-09T21:43:30","guid":{"rendered":"https:\/\/blogs2.correiobraziliense.com.br\/cbpoder\/?p=11017"},"modified":"2018-04-09T18:43:30","modified_gmt":"2018-04-09T21:43:30","slug":"chico-vigilante-vamos-registrar-a-candidatura-de-lula-de-qualquer-jeito","status":"publish","type":"post","link":"https:\/\/blogs2.correiobraziliense.com.br\/cbpoder\/chico-vigilante-vamos-registrar-a-candidatura-de-lula-de-qualquer-jeito\/","title":{"rendered":"Chico Vigilante: &#8220;Vamos registrar a candidatura de Lula de qualquer jeito&#8221;"},"content":{"rendered":"<p>ANA MARIA CAMPOS<\/p>\n<p><span style=\"font-family: Arial, sans-serif\"><span style=\"font-size: large\">Em entrevista ao CB.Poder, que foi ao ar nesta tarde (09\/04)\u00a0na TV Bras\u00edlia, o deputado distrital Chico Vigilante (PT) disse que a pris\u00e3o do ex-presidente Luiz In\u00e1cio Lula da Silva d\u00e1 for\u00e7a para a milit\u00e2ncia lutar por mudan\u00e7as.<\/span><\/span><\/p>\n<p><span style=\"font-family: Arial, sans-serif\"><span style=\"font-size: large\">Vigilante criticou o juiz S\u00e9rgio Moro, que condenou o ex-presidente no caso do tr\u00edplex de Guaruj\u00e1, endossando discurso de que o magistrado seria \u201cdoente\u201d. O petista apontou uma conspira\u00e7\u00e3o nacional e dos Estados Unidos contra o PT. <\/span><\/span><\/p>\n<p><span style=\"font-family: Arial, sans-serif\"><span style=\"font-size: large\">Garantiu que a candidatura do ex-presidente ser\u00e1 registrada na Justi\u00e7a Eleitoral mesmo que Lula esteja ainda preso e chamou de \u201cquadrilha\u201d o governo de Michel Temer. Segundo o distrital, a pris\u00e3o de Lula deixou o PT mais forte e unido. \u201cO PT est\u00e1 num grau de unidade nunca visto\u201d,<\/span><\/span><\/p>\n<p>&nbsp;<\/p>\n<p>https:\/\/www.youtube.com\/watch?v=v_XdLylceoM<\/p>\n<p>https:\/\/www.youtube.com\/watch?v=QvjHYE4qIA0<\/p>\n","protected":false},"excerpt":{"rendered":"<p>ANA MARIA CAMPOS Em entrevista ao CB.Poder, que foi ao ar nesta tarde (09\/04)\u00a0na TV Bras\u00edlia, o deputado distrital Chico Vigilante (PT) disse que a pris\u00e3o do ex-presidente Luiz In\u00e1cio Lula da Silva d\u00e1 for\u00e7a para a milit\u00e2ncia lutar por mudan\u00e7as. Vigilante criticou o juiz S\u00e9rgio Moro, que condenou o ex-presidente no caso do tr\u00edplex [&hellip;]<\/p>\n","protected":false},"author":9,"featured_media":11018,"comment_status":"open","ping_status":"closed","sticky":false,"template":"","format":"standard","meta":{"wpb_read_more":[],"footnotes":""},"categories":[234],"tags":[192,311,788,290],"class_list":["post-11017","post","type-post","status-publish","format-standard","has-post-thumbnail","hentry","category-cb-poder","tag-chico-vigilante","tag-eleicoes","tag-lula","tag-pt"],"_links":{"self":[{"href":"https:\/\/blogs2.correiobraziliense.com.br\/cbpoder\/wp-json\/wp\/v2\/posts\/11017","targetHints":{"allow":["GET"]}}],"collection":[{"href":"https:\/\/blogs2.correiobraziliense.com.br\/cbpoder\/wp-json\/wp\/v2\/posts"}],"about":[{"href":"https:\/\/blogs2.correiobraziliense.com.br\/cbpoder\/wp-json\/wp\/v2\/types\/post"}],"author":[{"embeddable":true,"href":"https:\/\/blogs2.correiobraziliense.com.br\/cbpoder\/wp-json\/wp\/v2\/users\/9"}],"replies":[{"embeddable":true,"href":"https:\/\/blogs2.correiobraziliense.com.br\/cbpoder\/wp-json\/wp\/v2\/comments?post=11017"}],"version-history":[{"count":1,"href":"https:\/\/blogs2.correiobraziliense.com.br\/cbpoder\/wp-json\/wp\/v2\/posts\/11017\/revisions"}],"predecessor-version":[{"id":11019,"href":"https:\/\/blogs2.correiobraziliense.com.br\/cbpoder\/wp-json\/wp\/v2\/posts\/11017\/revisions\/11019"}],"wp:featuredmedia":[{"embeddable":true,"href":"https:\/\/blogs2.correiobraziliense.com.br\/cbpoder\/wp-json\/wp\/v2\/media\/11018"}],"wp:attachment":[{"href":"https:\/\/blogs2.correiobraziliense.com.br\/cbpoder\/wp-json\/wp\/v2\/media?parent=11017"}],"wp:term":[{"taxonomy":"category","embeddable":true,"href":"https:\/\/blogs2.correiobraziliense.com.br\/cbpoder\/wp-json\/wp\/v2\/categories?post=11017"},{"taxonomy":"post_tag","embeddable":true,"href":"https:\/\/blogs2.correiobraziliense.com.br\/cbpoder\/wp-json\/wp\/v2\/tags?post=11017"}],"curies":[{"name":"wp","href":"https:\/\/api.w.org\/{rel}","templated":true}]}}