{"id":11144,"date":"2018-04-25T13:33:03","date_gmt":"2018-04-25T16:33:03","guid":{"rendered":"https:\/\/blogs2.correiobraziliense.com.br\/cbpoder\/?p=11144"},"modified":"2018-04-25T13:33:03","modified_gmt":"2018-04-25T16:33:03","slug":"policia-civil-cai-investigar-desabamento-do-viaduto-da-galeria-dos-estados","status":"publish","type":"post","link":"https:\/\/blogs2.correiobraziliense.com.br\/cbpoder\/policia-civil-cai-investigar-desabamento-do-viaduto-da-galeria-dos-estados\/","title":{"rendered":"Pol\u00edcia Civil vai investigar desabamento do viaduto da Galeria dos Estados"},"content":{"rendered":"<p>ANA MARIA CAMPOS<\/p>\n<p>A Pol\u00edcia Civil do Distrito Federal vai investigar poss\u00edveis crimes relacionados ao desabamento do viaduto da Galeria dos Estados, ocorrido em fevereiro.<\/p>\n<p>Com base em laudo do Instituto de Criminal\u00edstica (IC), que apontou falhas na manuten\u00e7\u00e3o da obra, a Corregedoria-geral da Pol\u00edcia Civil vai encaminhar o caso para a Coordena\u00e7\u00e3o de Combate ao Crime Organizado, aos Crimes contra a Administra\u00e7\u00e3o P\u00fablica e contra a Ordem Tribut\u00e1ria (CECOR).<\/p>\n<p>A inten\u00e7\u00e3o \u00e9 apurar se houve culpa ou dolo eventual de gestores p\u00fablicos respons\u00e1veis pela manuten\u00e7\u00e3o do patrim\u00f4nio p\u00fablico. Eventual omiss\u00e3o provocou preju\u00edzo aos cofres p\u00fablicos.<\/p>\n<p>Do ponto de vista da improbidade administrativa, a queda do viaduto j\u00e1 \u00e9 alvo de um inqu\u00e9rito civil p\u00fablico conduzido pelos sete promotores de Justi\u00e7a que atuam nas Promotorias de Defesa do Patrim\u00f4nio P\u00fablico e Social (Prodeps) do Minist\u00e9rio P\u00fablico do Distrito Federal e Territ\u00f3rios (MPDFT).<\/p>\n<p>&nbsp;<\/p>\n","protected":false},"excerpt":{"rendered":"<p>ANA MARIA CAMPOS A Pol\u00edcia Civil do Distrito Federal vai investigar poss\u00edveis crimes relacionados ao desabamento do viaduto da Galeria dos Estados, ocorrido em fevereiro. Com base em laudo do Instituto de Criminal\u00edstica (IC), que apontou falhas na manuten\u00e7\u00e3o da obra, a Corregedoria-geral da Pol\u00edcia Civil vai encaminhar o caso para a Coordena\u00e7\u00e3o de Combate [&hellip;]<\/p>\n","protected":false},"author":9,"featured_media":11146,"comment_status":"open","ping_status":"closed","sticky":false,"template":"","format":"standard","meta":{"wpb_read_more":[],"footnotes":""},"categories":[234],"tags":[1051,1097,102,1026],"class_list":["post-11144","post","type-post","status-publish","format-standard","has-post-thumbnail","hentry","category-cb-poder","tag-cecor","tag-desabamento","tag-policia-civil","tag-viaduto"],"_links":{"self":[{"href":"https:\/\/blogs2.correiobraziliense.com.br\/cbpoder\/wp-json\/wp\/v2\/posts\/11144","targetHints":{"allow":["GET"]}}],"collection":[{"href":"https:\/\/blogs2.correiobraziliense.com.br\/cbpoder\/wp-json\/wp\/v2\/posts"}],"about":[{"href":"https:\/\/blogs2.correiobraziliense.com.br\/cbpoder\/wp-json\/wp\/v2\/types\/post"}],"author":[{"embeddable":true,"href":"https:\/\/blogs2.correiobraziliense.com.br\/cbpoder\/wp-json\/wp\/v2\/users\/9"}],"replies":[{"embeddable":true,"href":"https:\/\/blogs2.correiobraziliense.com.br\/cbpoder\/wp-json\/wp\/v2\/comments?post=11144"}],"version-history":[{"count":2,"href":"https:\/\/blogs2.correiobraziliense.com.br\/cbpoder\/wp-json\/wp\/v2\/posts\/11144\/revisions"}],"predecessor-version":[{"id":11148,"href":"https:\/\/blogs2.correiobraziliense.com.br\/cbpoder\/wp-json\/wp\/v2\/posts\/11144\/revisions\/11148"}],"wp:featuredmedia":[{"embeddable":true,"href":"https:\/\/blogs2.correiobraziliense.com.br\/cbpoder\/wp-json\/wp\/v2\/media\/11146"}],"wp:attachment":[{"href":"https:\/\/blogs2.correiobraziliense.com.br\/cbpoder\/wp-json\/wp\/v2\/media?parent=11144"}],"wp:term":[{"taxonomy":"category","embeddable":true,"href":"https:\/\/blogs2.correiobraziliense.com.br\/cbpoder\/wp-json\/wp\/v2\/categories?post=11144"},{"taxonomy":"post_tag","embeddable":true,"href":"https:\/\/blogs2.correiobraziliense.com.br\/cbpoder\/wp-json\/wp\/v2\/tags?post=11144"}],"curies":[{"name":"wp","href":"https:\/\/api.w.org\/{rel}","templated":true}]}}