{"id":11209,"date":"2018-04-27T09:20:52","date_gmt":"2018-04-27T12:20:52","guid":{"rendered":"https:\/\/blogs2.correiobraziliense.com.br\/cbpoder\/?p=11209"},"modified":"2018-04-27T09:36:29","modified_gmt":"2018-04-27T12:36:29","slug":"policia-civil-do-df-faz-busca-em-cadeias-do-entorno-contra-faccao-criminosa","status":"publish","type":"post","link":"https:\/\/blogs2.correiobraziliense.com.br\/cbpoder\/policia-civil-do-df-faz-busca-em-cadeias-do-entorno-contra-faccao-criminosa\/","title":{"rendered":"Pol\u00edcia Civil do DF faz buscas em cadeias do Entorno contra fac\u00e7\u00e3o criminosa"},"content":{"rendered":"<hr \/>\n<p>ANA MARIA CAMPOS<\/p>\n<p>A Pol\u00edcia Civil do DF cumpriu hoje (27\/04) cinco mandados de pris\u00e3o preventiva e cinco de busca e apreens\u00e3o nas cadeias p\u00fablicas do Novo Gama e de \u00c1guas Lindas de Goi\u00e1s, na segunda fase da Opera\u00e7\u00e3o Pr\u00f3logo.<\/p>\n<p>Os alvos s\u00e3o internos desses pres\u00eddios que integram fac\u00e7\u00e3o criminosa em atua\u00e7\u00e3o no pa\u00eds. A investiga\u00e7\u00e3o est\u00e1 sob a responsabilidade de policiais civis da Divis\u00e3o de Fac\u00e7\u00f5es (Difac) da Coordena\u00e7\u00e3o de Combate ao Crime Organizado, aos Crimes contra a Administra\u00e7\u00e3o P\u00fablica e contra a Ordem Tribut\u00e1ria (CECOR).<\/p>\n<p>Como na primeira fase, deflagrada na \u00faltima ter\u00e7a-feira (24\/04), o objetivo \u00e9 evitar que a fac\u00e7\u00e3o criminosa se instale no Distrito Federal e se articule com as cadeias do Entorno.<\/p>\n<p>Durante as buscas foram encontradas algumas pequenas por\u00e7\u00f5es de droga (maconha) e anota\u00e7\u00f5es com conte\u00fado criminoso. Segundo a CECOR, a\u00a0realiza\u00e7\u00e3o de novas pris\u00f5es de pessoas j\u00e1 reclusas tem como prop\u00f3sito principalmente desestimular outros detentos a ingressarem nesta ou em qualquer fac\u00e7\u00e3o criminosa.<\/p>\n<p>&nbsp;<\/p>\n","protected":false},"excerpt":{"rendered":"<p>ANA MARIA CAMPOS A Pol\u00edcia Civil do DF cumpriu hoje (27\/04) cinco mandados de pris\u00e3o preventiva e cinco de busca e apreens\u00e3o nas cadeias p\u00fablicas do Novo Gama e de \u00c1guas Lindas de Goi\u00e1s, na segunda fase da Opera\u00e7\u00e3o Pr\u00f3logo. Os alvos s\u00e3o internos desses pres\u00eddios que integram fac\u00e7\u00e3o criminosa em atua\u00e7\u00e3o no pa\u00eds. A [&hellip;]<\/p>\n","protected":false},"author":9,"featured_media":11212,"comment_status":"open","ping_status":"closed","sticky":false,"template":"","format":"standard","meta":{"wpb_read_more":[],"footnotes":""},"categories":[234],"tags":[1240,1239,1051,1241,1238],"class_list":["post-11209","post","type-post","status-publish","format-standard","has-post-thumbnail","hentry","category-cb-poder","tag-aguas-lindas","tag-cadeias-publicas","tag-cecor","tag-novo-gama","tag-operacao-prologo"],"_links":{"self":[{"href":"https:\/\/blogs2.correiobraziliense.com.br\/cbpoder\/wp-json\/wp\/v2\/posts\/11209","targetHints":{"allow":["GET"]}}],"collection":[{"href":"https:\/\/blogs2.correiobraziliense.com.br\/cbpoder\/wp-json\/wp\/v2\/posts"}],"about":[{"href":"https:\/\/blogs2.correiobraziliense.com.br\/cbpoder\/wp-json\/wp\/v2\/types\/post"}],"author":[{"embeddable":true,"href":"https:\/\/blogs2.correiobraziliense.com.br\/cbpoder\/wp-json\/wp\/v2\/users\/9"}],"replies":[{"embeddable":true,"href":"https:\/\/blogs2.correiobraziliense.com.br\/cbpoder\/wp-json\/wp\/v2\/comments?post=11209"}],"version-history":[{"count":6,"href":"https:\/\/blogs2.correiobraziliense.com.br\/cbpoder\/wp-json\/wp\/v2\/posts\/11209\/revisions"}],"predecessor-version":[{"id":11216,"href":"https:\/\/blogs2.correiobraziliense.com.br\/cbpoder\/wp-json\/wp\/v2\/posts\/11209\/revisions\/11216"}],"wp:featuredmedia":[{"embeddable":true,"href":"https:\/\/blogs2.correiobraziliense.com.br\/cbpoder\/wp-json\/wp\/v2\/media\/11212"}],"wp:attachment":[{"href":"https:\/\/blogs2.correiobraziliense.com.br\/cbpoder\/wp-json\/wp\/v2\/media?parent=11209"}],"wp:term":[{"taxonomy":"category","embeddable":true,"href":"https:\/\/blogs2.correiobraziliense.com.br\/cbpoder\/wp-json\/wp\/v2\/categories?post=11209"},{"taxonomy":"post_tag","embeddable":true,"href":"https:\/\/blogs2.correiobraziliense.com.br\/cbpoder\/wp-json\/wp\/v2\/tags?post=11209"}],"curies":[{"name":"wp","href":"https:\/\/api.w.org\/{rel}","templated":true}]}}