{"id":11227,"date":"2018-05-01T18:31:02","date_gmt":"2018-05-01T21:31:02","guid":{"rendered":"https:\/\/blogs2.correiobraziliense.com.br\/cbpoder\/?p=11227"},"modified":"2018-05-01T18:38:49","modified_gmt":"2018-05-01T21:38:49","slug":"criminosos-que-tentavam-infiltrar-faccao-nos-presidios-do-df-sao-condenados-a-16-anos-de-prisao","status":"publish","type":"post","link":"https:\/\/blogs2.correiobraziliense.com.br\/cbpoder\/criminosos-que-tentavam-infiltrar-faccao-nos-presidios-do-df-sao-condenados-a-16-anos-de-prisao\/","title":{"rendered":"Criminosos que tentavam infiltrar fac\u00e7\u00e3o nos pres\u00eddios do DF s\u00e3o condenados a penas de 16 anos de pris\u00e3o"},"content":{"rendered":"<p>ANA MARIA CAMPOS<\/p>\n<p>Senten\u00e7a proferida pela 7\u00aa Vara Criminal de Bras\u00edlia representa mais uma importante medida para conter o avan\u00e7o da maior fac\u00e7\u00e3o criminosa em atua\u00e7\u00e3o no pa\u00eds dentro dos pres\u00eddios do Distrito Federal e do Entorno. A Justi\u00e7a condenou, nesta segunda-feira (30\/04), 18 integrantes do grupo que teve a pris\u00e3o preventiva decretada na <a href=\"https:\/\/www.correiobraziliense.com.br\/app\/noticia\/cidades\/2015\/10\/09\/interna_cidadesdf,501863\/quadrilha-que-agia-de-dentro-de-penitenciarias-e-cadeias-e-alvo-de-ope.shtml\" target=\"_blank\">Opera\u00e7\u00e3o Avalanche<\/a>\u00a0a penas de at\u00e9 16 anos e meio de pris\u00e3o, em regime fechado. Os criminosos s\u00e3o identificados por apelidos como Neguinho Satan\u00e1s, Mal\u00e9vola, Pancad\u00e3o, Anjo Negro, Gladiador, Chuck, entre outros.<\/p>\n<p>Na tentativa de dominar o sistema penitenci\u00e1rio do DF e de munic\u00edpios vizinhos, como ocorre em outras unidades da federa\u00e7\u00e3o, os criminosos se referiam \u00e0 regi\u00e3o como &#8220;\u00c1rea 61&#8221;. Assim, a fac\u00e7\u00e3o se organizava para dar assist\u00eancia \u00e0s fam\u00edlias dos criminosos presos e, em troca, compartilhar os lucros provenientes dos crimes praticados no Distrito Federal.\u00a0Para passarem a integrar a fac\u00e7\u00e3o, os criminosos eram submetidos a um &#8220;batismo&#8221; em que se comprometiam a respeitar as regras da organiza\u00e7\u00e3o.<\/p>\n<p>A investiga\u00e7\u00e3o da antiga Delegacia de Combate ao Crime Organizado (Deco) apontou a exist\u00eancia de uma divis\u00e3o de tarifas entre os criminosos, com atua\u00e7\u00e3o dentro e fora das penitenci\u00e1rias, para a pr\u00e1tica de crimes como tr\u00e1fico de drogas, latroc\u00ednio e homic\u00eddio. De dentro das cadeias, integrantes da fac\u00e7\u00e3o se comunicavam por telefone e por anota\u00e7\u00f5es em que registravam os nomes dos comparsas, matr\u00edcula no sistema penitenci\u00e1rio e outros detalhes sobre a participa\u00e7\u00e3o na organiza\u00e7\u00e3o formada como um sindicato do crime. Os crimes ocorreram entre 22 de janeiro e 9 de outubro de 2015.<\/p>\n<p>Na senten\u00e7a, os ju\u00edzes\u00a0Elisabeth Cristina Amarante Brancio Minare,\u00a0Leila Cury e\u00a0Newton Mendes de Arag\u00e3o Filho apontaram a divis\u00e3o de tarefas dos criminosos que eram liderados no DF por Edson de Souza Campos, conhecido como Neguinho do Recanto. Ele coordenava as atividades e apontava as diretrizes do grupo. Foi condenado a 16 anos e seis meses de pris\u00e3o em regime fechado. Wanderson Santos Silva, o Pardal, e Bruno Borges Rocha, o &#8220;BR&#8221;, eram os respons\u00e1veis pelo controle os bandidos fora dos pres\u00eddios, principalmente em crimes de tr\u00e1fico de drogas. Eles receberam uma pena de 12 anos e quatro meses de pris\u00e3o e 16 anos e um m\u00eas. respectivamente.<\/p>\n<p>Wilton de Oliveira Silva, chamado pelos comparsas de Neguinho Satan\u00e1s, exercia o controle e a coordena\u00e7\u00e3o dos membros da fac\u00e7\u00e3o que est\u00e3o presos. Ele tamb\u00e9m era encarregado de resolver conflitos entre os integrantes da organiza\u00e7\u00e3o. Recebeu uma pena de 16 anos e um m\u00eas de deten\u00e7\u00e3o.<\/p>\n<p>Outros 14 integrantes do grupo tamb\u00e9m foram condenados, entre os quais a advogada da fac\u00e7\u00e3o criminosa, Indiara Almeida Moreira. Apontada como uma &#8220;leva e traz&#8221; de recados da organiza\u00e7\u00e3o criminosa, ela recebeu uma pena de tr\u00eas anos, seis meses e 15 dias de reclus\u00e3o, em regime aberto.<\/p>\n<p>Opera\u00e7\u00f5es como a Avalanche t\u00eam sido realizadas com frequ\u00eancia por policiais civis do DF como forma de desarticular a forma\u00e7\u00e3o desses grupos. Foi o que ocorreu h\u00e1 duas semanas com a <a href=\"https:\/\/blogs2.correiobraziliense.com.br\/cbpoder\/policia-civil-entra-na-papuda-para-desarticular-faccoes-criminosas\/\">Opera\u00e7\u00e3o Pr\u00f3logo<\/a>, em duas etapas, sendo a primeira em pres\u00eddios do DF e a segunda, em cadeias p\u00fablicas de \u00c1guas Lindas e do Novo Gama, realizadas pela equipe da Coordena\u00e7\u00e3o de Combate ao Crime Organizado, aos Crimes contra a Administra\u00e7\u00e3o P\u00fablica e \u00e0 Ordem Tribut\u00e1ria (CECOR).<\/p>\n<p>&nbsp;<\/p>\n","protected":false},"excerpt":{"rendered":"<p>ANA MARIA CAMPOS Senten\u00e7a proferida pela 7\u00aa Vara Criminal de Bras\u00edlia representa mais uma importante medida para conter o avan\u00e7o da maior fac\u00e7\u00e3o criminosa em atua\u00e7\u00e3o no pa\u00eds dentro dos pres\u00eddios do Distrito Federal e do Entorno. A Justi\u00e7a condenou, nesta segunda-feira (30\/04), 18 integrantes do grupo que teve a pris\u00e3o preventiva decretada na Opera\u00e7\u00e3o [&hellip;]<\/p>\n","protected":false},"author":9,"featured_media":11228,"comment_status":"open","ping_status":"closed","sticky":false,"template":"","format":"standard","meta":{"wpb_read_more":[],"footnotes":""},"categories":[234],"tags":[1051,473,1243,1242,554],"class_list":["post-11227","post","type-post","status-publish","format-standard","has-post-thumbnail","hentry","category-cb-poder","tag-cecor","tag-deco","tag-faccao-criminosa","tag-operacao-palestina","tag-presidios"],"_links":{"self":[{"href":"https:\/\/blogs2.correiobraziliense.com.br\/cbpoder\/wp-json\/wp\/v2\/posts\/11227","targetHints":{"allow":["GET"]}}],"collection":[{"href":"https:\/\/blogs2.correiobraziliense.com.br\/cbpoder\/wp-json\/wp\/v2\/posts"}],"about":[{"href":"https:\/\/blogs2.correiobraziliense.com.br\/cbpoder\/wp-json\/wp\/v2\/types\/post"}],"author":[{"embeddable":true,"href":"https:\/\/blogs2.correiobraziliense.com.br\/cbpoder\/wp-json\/wp\/v2\/users\/9"}],"replies":[{"embeddable":true,"href":"https:\/\/blogs2.correiobraziliense.com.br\/cbpoder\/wp-json\/wp\/v2\/comments?post=11227"}],"version-history":[{"count":7,"href":"https:\/\/blogs2.correiobraziliense.com.br\/cbpoder\/wp-json\/wp\/v2\/posts\/11227\/revisions"}],"predecessor-version":[{"id":11235,"href":"https:\/\/blogs2.correiobraziliense.com.br\/cbpoder\/wp-json\/wp\/v2\/posts\/11227\/revisions\/11235"}],"wp:featuredmedia":[{"embeddable":true,"href":"https:\/\/blogs2.correiobraziliense.com.br\/cbpoder\/wp-json\/wp\/v2\/media\/11228"}],"wp:attachment":[{"href":"https:\/\/blogs2.correiobraziliense.com.br\/cbpoder\/wp-json\/wp\/v2\/media?parent=11227"}],"wp:term":[{"taxonomy":"category","embeddable":true,"href":"https:\/\/blogs2.correiobraziliense.com.br\/cbpoder\/wp-json\/wp\/v2\/categories?post=11227"},{"taxonomy":"post_tag","embeddable":true,"href":"https:\/\/blogs2.correiobraziliense.com.br\/cbpoder\/wp-json\/wp\/v2\/tags?post=11227"}],"curies":[{"name":"wp","href":"https:\/\/api.w.org\/{rel}","templated":true}]}}