{"id":11344,"date":"2018-05-14T20:59:42","date_gmt":"2018-05-14T23:59:42","guid":{"rendered":"https:\/\/blogs2.correiobraziliense.com.br\/cbpoder\/?p=11344"},"modified":"2018-05-14T22:23:20","modified_gmt":"2018-05-15T01:23:20","slug":"justica-condena-delegado-por-desobediencia-ao-mp","status":"publish","type":"post","link":"https:\/\/blogs2.correiobraziliense.com.br\/cbpoder\/justica-condena-delegado-por-desobediencia-ao-mp\/","title":{"rendered":"Justi\u00e7a condena delegado por desobedi\u00eancia e sonega\u00e7\u00e3o de documentos"},"content":{"rendered":"<p><span style=\"font-family: Arial, sans-serif\"><span style=\"font-size: large\">ANA MARIA CAMPOS<\/span><\/span><\/p>\n<p><span style=\"font-family: Arial, sans-serif\"><span style=\"font-size: large\">O <\/span><\/span><span style=\"font-family: Arial, sans-serif\"><span style=\"font-size: large\">delegado Rodrigo Larizatti\u00a0<\/span><\/span><span style=\"font-family: Arial, sans-serif\"><span style=\"font-size: large\">foi condenado pelos crimes de sonega\u00e7\u00e3o de documentos <\/span><\/span><span style=\"font-family: Arial, sans-serif\"><span style=\"font-size: large\">p\u00fablicos <\/span><\/span><span style=\"font-family: Arial, sans-serif\"><span style=\"font-size: large\">e desobedi\u00eancia a d<\/span><\/span><span style=\"font-family: Arial, sans-serif\"><span style=\"font-size: large\">ois anos e dois meses de deten\u00e7\u00e3o <\/span><\/span><span style=\"font-family: Arial, sans-serif\"><span style=\"font-size: large\">pela Primeira Vara Criminal e Tribunal do Juri de Santa Maria. A pena foi<\/span><\/span><span style=\"font-family: Arial, sans-serif\"><span style=\"font-size: large\"> convertid<\/span><\/span><span style=\"font-family: Arial, sans-serif\"><span style=\"font-size: large\">a<\/span><\/span> <span style=\"font-family: Arial, sans-serif\"><span style=\"font-size: large\">em presta\u00e7\u00e3o de servi\u00e7os comunit\u00e1rios em entidade assisten<\/span><\/span><span style=\"font-family: Arial, sans-serif\"><span style=\"font-size: large\">cial, hospital ou escola, a ser definida pela Vara de Execu\u00e7\u00f5es Penais. <\/span><\/span><\/p>\n<p><span style=\"font-family: Arial, sans-serif\"><span style=\"font-size: large\">A a\u00e7\u00e3o, ajuizada pelos promotores de Justi\u00e7a do N\u00facleo de Investiga\u00e7\u00e3o e Controle Externo da Atividade Policial (NCAP) e pelas Promotorias de Santa Maria, aponta que o delegado, ent\u00e3o titular da 33\u00aa Delegacia de Pol\u00edcia, de Santa Maria, se negou a instaurar um inqu\u00e9rito policial requisitado pelo Minist\u00e9rio P\u00fablico do Distrito Federal relacionado a um caso de viol\u00eancia contra mulher e, posteriormente, deixou de entregar um documento p\u00fablico requisitado pela Promotoria sobre o caso. <\/span><\/span><\/p>\n<p><span style=\"font-family: Arial, sans-serif\"><span style=\"font-size: large\">O juiz Germano Oliveira Henrique de Holanda estabeleceu ainda como pena uma multa de 20 dias-multa, sendo cada uma correspondente a metade do sal\u00e1rio m\u00ednimo vigente \u00e0 \u00e9poca do fato, ou seja, R$ 8,8 mil.\u00a0 Na senten\u00e7a, o magistrado considerou a condi\u00e7\u00e3o financeira de Larizatti. &#8220;O condenado ostenta boa condi\u00e7\u00e3o econ\u00f4mica, pois \u00e9 delegado de Pol\u00edcia do Distrito Federal. O subs\u00eddio atual do referido cargo p\u00fablico, na categoria especial, \u00e9 de R$ 22.805,00 (Lei n. 12.804\/2013). Por tais raz\u00f5es, arbitro, para cada dia-multa, o valor unit\u00e1rio de 1\/2 (um meio) do sal\u00e1rio m\u00ednimo vigente na data dos fatos&#8221;, ressaltou. <\/span><\/span><\/p>\n<p><span style=\"font-family: Arial, sans-serif\"><span style=\"font-size: large\">Larizatti ter\u00e1 ainda de se submeter a presta\u00e7\u00e3o pecuni\u00e1ria, correspondente ao valor de 10 sal\u00e1rios m\u00ednimos, em bens de primeira necessidade revertidos a entidade assistencial, em parcelas mensais, no prazo de\u00a0dois anos e dois meses. <\/span><\/span><\/p>\n<p><span style=\"font-family: Arial, sans-serif\"><span style=\"font-size: large\">O delegado n\u00e3o quis comentar a senten\u00e7a. O presidente do Sindicato dos Delegados da Pol\u00edcia Civil (Sindepo), Rafael Sampaio, disse que respeita a decis\u00e3o judicial, mas lamenta que eventual falha administrativa seja tratada na esfera penal. &#8220;Acompanhei as audi\u00eancias e considero que n\u00e3o era o caso de levar para a \u00e1rea criminal&#8221;, aponta Sampaio.<\/span><\/span><\/p>\n","protected":false},"excerpt":{"rendered":"<p>ANA MARIA CAMPOS O delegado Rodrigo Larizatti\u00a0foi condenado pelos crimes de sonega\u00e7\u00e3o de documentos p\u00fablicos e desobedi\u00eancia a dois anos e dois meses de deten\u00e7\u00e3o pela Primeira Vara Criminal e Tribunal do Juri de Santa Maria. A pena foi convertida em presta\u00e7\u00e3o de servi\u00e7os comunit\u00e1rios em entidade assistencial, hospital ou escola, a ser definida pela [&hellip;]<\/p>\n","protected":false},"author":9,"featured_media":11356,"comment_status":"open","ping_status":"closed","sticky":false,"template":"","format":"standard","meta":{"wpb_read_more":[],"footnotes":""},"categories":[234],"tags":[],"class_list":["post-11344","post","type-post","status-publish","format-standard","has-post-thumbnail","hentry","category-cb-poder"],"_links":{"self":[{"href":"https:\/\/blogs2.correiobraziliense.com.br\/cbpoder\/wp-json\/wp\/v2\/posts\/11344","targetHints":{"allow":["GET"]}}],"collection":[{"href":"https:\/\/blogs2.correiobraziliense.com.br\/cbpoder\/wp-json\/wp\/v2\/posts"}],"about":[{"href":"https:\/\/blogs2.correiobraziliense.com.br\/cbpoder\/wp-json\/wp\/v2\/types\/post"}],"author":[{"embeddable":true,"href":"https:\/\/blogs2.correiobraziliense.com.br\/cbpoder\/wp-json\/wp\/v2\/users\/9"}],"replies":[{"embeddable":true,"href":"https:\/\/blogs2.correiobraziliense.com.br\/cbpoder\/wp-json\/wp\/v2\/comments?post=11344"}],"version-history":[{"count":7,"href":"https:\/\/blogs2.correiobraziliense.com.br\/cbpoder\/wp-json\/wp\/v2\/posts\/11344\/revisions"}],"predecessor-version":[{"id":11361,"href":"https:\/\/blogs2.correiobraziliense.com.br\/cbpoder\/wp-json\/wp\/v2\/posts\/11344\/revisions\/11361"}],"wp:featuredmedia":[{"embeddable":true,"href":"https:\/\/blogs2.correiobraziliense.com.br\/cbpoder\/wp-json\/wp\/v2\/media\/11356"}],"wp:attachment":[{"href":"https:\/\/blogs2.correiobraziliense.com.br\/cbpoder\/wp-json\/wp\/v2\/media?parent=11344"}],"wp:term":[{"taxonomy":"category","embeddable":true,"href":"https:\/\/blogs2.correiobraziliense.com.br\/cbpoder\/wp-json\/wp\/v2\/categories?post=11344"},{"taxonomy":"post_tag","embeddable":true,"href":"https:\/\/blogs2.correiobraziliense.com.br\/cbpoder\/wp-json\/wp\/v2\/tags?post=11344"}],"curies":[{"name":"wp","href":"https:\/\/api.w.org\/{rel}","templated":true}]}}