{"id":11399,"date":"2018-05-17T09:40:24","date_gmt":"2018-05-17T12:40:24","guid":{"rendered":"https:\/\/blogs2.correiobraziliense.com.br\/cbpoder\/?p=11399"},"modified":"2018-05-17T09:40:24","modified_gmt":"2018-05-17T12:40:24","slug":"mp-denuncia-policiais-por-regalias-a-mensaleiros-nos-presidios-do-df","status":"publish","type":"post","link":"https:\/\/blogs2.correiobraziliense.com.br\/cbpoder\/mp-denuncia-policiais-por-regalias-a-mensaleiros-nos-presidios-do-df\/","title":{"rendered":"MP denuncia policiais por regalias a mensaleiros nos pres\u00eddios do DF"},"content":{"rendered":"<p>ANA MARIA CAMPOS<\/p>\n<p>Tr\u00eas delegados, Jo\u00e3o Helder Ramos Feitosa, Marcory Geraldo Mohn e Elivaldo Ferreira de Melo, e um agente da Pol\u00edcia Civil, Wilton Borges de Sousa, foram denunciados pelo crime de corrup\u00e7\u00e3o passiva privilegiada e s\u00e3o alvos de uma a\u00e7\u00e3o de improbidade administrativa por terem beneficiado com regalias tr\u00eas condenados no processo do mensal\u00e3o durante o cumprimento da pena do sistema penitenci\u00e1rio do Distrito Federal.<\/p>\n<p>Segundo as a\u00e7\u00f5es, ajuizadas na semana passada pelos promotores do N\u00facleo de Investiga\u00e7\u00e3o e Controle Externo da Atividade Policial (NCAP), os petistas Jos\u00e9 Dirceu (foto), Jos\u00e9 Geno\u00edno e Del\u00fabio Soares e o publicit\u00e1rio Marcos Val\u00e9rio Fernandes de Souza tiveram privil\u00e9gios autorizados pelos policiais civis que atuavam na Subsecretaria do Sistema Penitenci\u00e1rio (Sesipe), em 2014, durante o governo de Agnelo Queiroz (PT).<\/p>\n<p>O crime de corrup\u00e7\u00e3o passiva privilegiada \u00e9 aquele em que o funcion\u00e1rio p\u00fablico pratica ou deixa de praticar algum ato de of\u00edcio, com infra\u00e7\u00e3o de dever funcional, para atender a pedido ou influ\u00eancia pol\u00edtica ou de alguma autoridade.<br \/>\nVisitas sem revista e sem identifica\u00e7\u00e3o<br \/>\nSegundo as a\u00e7\u00f5es, Jos\u00e9 Dirceu recebeu visitas fora do hor\u00e1rio normal. A filha do ex-chefe da Casa Civil Joana Sarago\u00e7a chegou \u00e0s 8h55, de sete de maio de 2014, na sede do Centro de Internamento e Reeduca\u00e7\u00e3o (CIR) dentro de uma viatura descaracterizada conduzida pelo agente Wilton Borges de Sousa, ent\u00e3o chefe de ger\u00eancia de intelig\u00eancia da Sesipe.<\/p>\n<p>O Minist\u00e9rio P\u00fablico do DF aponta que o ent\u00e3o diretor do CIR, Marcory Mohn, n\u00e3o tomou provid\u00eancias para impedir a regalia.<\/p>\n<p>A filha de Dirceu n\u00e3o passou pela fila e pela revista a que todos as visitas s\u00e3o submetidas.<\/p>\n<p>O delegado Jo\u00e3o Helder, por sua vez, ent\u00e3o coordenador-geral da Sesipe, teria se reunido indevidamente com Dirceu, Genoino e Del\u00fabio numa sala da administra\u00e7\u00e3o do CIR, levando pessoas n\u00e3o identificadas para visitas especiais aos petistas. Os nomes dos visitantes n\u00e3o foram registrados, por ordem do delegado, de acordo com as a\u00e7\u00f5es.<\/p>\n<p>O mesmo fato ocorreu tamb\u00e9m na Penitenci\u00e1ria do Distrito Federal 2 (PDF II). Por isso, o diretor da unidade \u00e0 \u00e9poca, Elivaldo Ferreira de Melo, foi inclu\u00eddo nas a\u00e7\u00f5es.<\/p>\n","protected":false},"excerpt":{"rendered":"<p>ANA MARIA CAMPOS Tr\u00eas delegados, Jo\u00e3o Helder Ramos Feitosa, Marcory Geraldo Mohn e Elivaldo Ferreira de Melo, e um agente da Pol\u00edcia Civil, Wilton Borges de Sousa, foram denunciados pelo crime de corrup\u00e7\u00e3o passiva privilegiada e s\u00e3o alvos de uma a\u00e7\u00e3o de improbidade administrativa por terem beneficiado com regalias tr\u00eas condenados no processo do mensal\u00e3o [&hellip;]<\/p>\n","protected":false},"author":9,"featured_media":11401,"comment_status":"open","ping_status":"closed","sticky":false,"template":"","format":"standard","meta":{"wpb_read_more":[],"footnotes":""},"categories":[234],"tags":[409,1267,102,554],"class_list":["post-11399","post","type-post","status-publish","format-standard","has-post-thumbnail","hentry","category-cb-poder","tag-delegados","tag-mensalao","tag-policia-civil","tag-presidios"],"_links":{"self":[{"href":"https:\/\/blogs2.correiobraziliense.com.br\/cbpoder\/wp-json\/wp\/v2\/posts\/11399","targetHints":{"allow":["GET"]}}],"collection":[{"href":"https:\/\/blogs2.correiobraziliense.com.br\/cbpoder\/wp-json\/wp\/v2\/posts"}],"about":[{"href":"https:\/\/blogs2.correiobraziliense.com.br\/cbpoder\/wp-json\/wp\/v2\/types\/post"}],"author":[{"embeddable":true,"href":"https:\/\/blogs2.correiobraziliense.com.br\/cbpoder\/wp-json\/wp\/v2\/users\/9"}],"replies":[{"embeddable":true,"href":"https:\/\/blogs2.correiobraziliense.com.br\/cbpoder\/wp-json\/wp\/v2\/comments?post=11399"}],"version-history":[{"count":1,"href":"https:\/\/blogs2.correiobraziliense.com.br\/cbpoder\/wp-json\/wp\/v2\/posts\/11399\/revisions"}],"predecessor-version":[{"id":11400,"href":"https:\/\/blogs2.correiobraziliense.com.br\/cbpoder\/wp-json\/wp\/v2\/posts\/11399\/revisions\/11400"}],"wp:featuredmedia":[{"embeddable":true,"href":"https:\/\/blogs2.correiobraziliense.com.br\/cbpoder\/wp-json\/wp\/v2\/media\/11401"}],"wp:attachment":[{"href":"https:\/\/blogs2.correiobraziliense.com.br\/cbpoder\/wp-json\/wp\/v2\/media?parent=11399"}],"wp:term":[{"taxonomy":"category","embeddable":true,"href":"https:\/\/blogs2.correiobraziliense.com.br\/cbpoder\/wp-json\/wp\/v2\/categories?post=11399"},{"taxonomy":"post_tag","embeddable":true,"href":"https:\/\/blogs2.correiobraziliense.com.br\/cbpoder\/wp-json\/wp\/v2\/tags?post=11399"}],"curies":[{"name":"wp","href":"https:\/\/api.w.org\/{rel}","templated":true}]}}