{"id":11472,"date":"2018-05-25T06:15:05","date_gmt":"2018-05-25T09:15:05","guid":{"rendered":"https:\/\/blogs2.correiobraziliense.com.br\/cbpoder\/?p=11472"},"modified":"2018-05-25T06:19:12","modified_gmt":"2018-05-25T09:19:12","slug":"operacao-da-policia-civil-mira-jovens-traficantes-com-drogas-sofisticadas","status":"publish","type":"post","link":"https:\/\/blogs2.correiobraziliense.com.br\/cbpoder\/operacao-da-policia-civil-mira-jovens-traficantes-com-drogas-sofisticadas\/","title":{"rendered":"Opera\u00e7\u00e3o da Pol\u00edcia Civil mira jovens traficantes com drogas sofisticadas"},"content":{"rendered":"<p>ANA MARIA CAMPOS<\/p>\n<p>A Pol\u00edcia Civil do DF deflagrou nesta sexta-feira (25\/05) a segunda fase da Opera\u00e7\u00e3o \u00a0Theya, para reprimir a atua\u00e7\u00e3o de pequenos traficantes que distribuem drogas em todo o Distrito Federal. Coordenados pela 1\u00aa DP ( Asa Sul), 180 policiais de diversas delegacias v\u00e3o cumprir 31 mandados de busca e apreens\u00e3o.<\/p>\n<p>Os alvos s\u00e3o supostos traficantes, em sua grande maioria, jovens, com 18 a 23 anos, de classe m\u00e9dia alta e estudantes.<\/p>\n<p>Eles coordenam o com\u00e9rcio il\u00edcito de drogas atrav\u00e9s de redes sociais (Facebook, WhatsApp e Instagram).<\/p>\n<p>Esses jovens vendem e consomem as drogas sm pequenas quantidades, mas o com\u00e9rcio ilegal movimenta altas cifras dinheiro por se tratarem de produtos mais sofisticados que as tradicionais.<\/p>\n<p>Um dos investigados, por exemplo, anunciou a venda do quilo de skunk afeg\u00e3o pela bagatela de R$ 10 mil.<\/p>\n<p>Entre as drogas vendidas pelos investigados se destacam o haxixe paquistan\u00eas, a maconha colombiana, mdma, LSD, ecstasy e ampolas contendo o extrato da flor de maconha.<\/p>\n<p>&nbsp;<\/p>\n","protected":false},"excerpt":{"rendered":"<p>ANA MARIA CAMPOS A Pol\u00edcia Civil do DF deflagrou nesta sexta-feira (25\/05) a segunda fase da Opera\u00e7\u00e3o \u00a0Theya, para reprimir a atua\u00e7\u00e3o de pequenos traficantes que distribuem drogas em todo o Distrito Federal. Coordenados pela 1\u00aa DP ( Asa Sul), 180 policiais de diversas delegacias v\u00e3o cumprir 31 mandados de busca e apreens\u00e3o. Os alvos [&hellip;]<\/p>\n","protected":false},"author":9,"featured_media":10913,"comment_status":"open","ping_status":"closed","sticky":false,"template":"","format":"standard","meta":{"wpb_read_more":[],"footnotes":""},"categories":[234],"tags":[1074,1283,1285,1282,102,1284],"class_list":["post-11472","post","type-post","status-publish","format-standard","has-post-thumbnail","hentry","category-cb-poder","tag-1a-dp","tag-drogas","tag-jovens","tag-operacao-teya","tag-policia-civil","tag-traficantes"],"_links":{"self":[{"href":"https:\/\/blogs2.correiobraziliense.com.br\/cbpoder\/wp-json\/wp\/v2\/posts\/11472","targetHints":{"allow":["GET"]}}],"collection":[{"href":"https:\/\/blogs2.correiobraziliense.com.br\/cbpoder\/wp-json\/wp\/v2\/posts"}],"about":[{"href":"https:\/\/blogs2.correiobraziliense.com.br\/cbpoder\/wp-json\/wp\/v2\/types\/post"}],"author":[{"embeddable":true,"href":"https:\/\/blogs2.correiobraziliense.com.br\/cbpoder\/wp-json\/wp\/v2\/users\/9"}],"replies":[{"embeddable":true,"href":"https:\/\/blogs2.correiobraziliense.com.br\/cbpoder\/wp-json\/wp\/v2\/comments?post=11472"}],"version-history":[{"count":3,"href":"https:\/\/blogs2.correiobraziliense.com.br\/cbpoder\/wp-json\/wp\/v2\/posts\/11472\/revisions"}],"predecessor-version":[{"id":11475,"href":"https:\/\/blogs2.correiobraziliense.com.br\/cbpoder\/wp-json\/wp\/v2\/posts\/11472\/revisions\/11475"}],"wp:featuredmedia":[{"embeddable":true,"href":"https:\/\/blogs2.correiobraziliense.com.br\/cbpoder\/wp-json\/wp\/v2\/media\/10913"}],"wp:attachment":[{"href":"https:\/\/blogs2.correiobraziliense.com.br\/cbpoder\/wp-json\/wp\/v2\/media?parent=11472"}],"wp:term":[{"taxonomy":"category","embeddable":true,"href":"https:\/\/blogs2.correiobraziliense.com.br\/cbpoder\/wp-json\/wp\/v2\/categories?post=11472"},{"taxonomy":"post_tag","embeddable":true,"href":"https:\/\/blogs2.correiobraziliense.com.br\/cbpoder\/wp-json\/wp\/v2\/tags?post=11472"}],"curies":[{"name":"wp","href":"https:\/\/api.w.org\/{rel}","templated":true}]}}