{"id":11570,"date":"2018-06-28T19:18:20","date_gmt":"2018-06-28T22:18:20","guid":{"rendered":"https:\/\/blogs2.correiobraziliense.com.br\/cbpoder\/?p=11570"},"modified":"2018-06-28T20:30:36","modified_gmt":"2018-06-28T23:30:36","slug":"cristovam-reafirma-apoio-pre-candidatura-de-izalci-ao-gdf","status":"publish","type":"post","link":"https:\/\/blogs2.correiobraziliense.com.br\/cbpoder\/cristovam-reafirma-apoio-pre-candidatura-de-izalci-ao-gdf\/","title":{"rendered":"Grupo de Cristovam Buarque reafirma apoio \u00e0 pr\u00e9-candidatura de Izalci Lucas ao GDF"},"content":{"rendered":"<p><span style=\"font-weight: 400\">Ap\u00f3s idas e vindas, o grupo capitaneado pelo senador Cristovam Buarque (PPS) reafirmou, nesta quinta-feira (28\/06), o apoio \u00e0 pr\u00e9-candidatura do deputado federal Izalci Lucas (PSDB) ao Pal\u00e1cio do Buriti. Para a coaliz\u00e3o, \u201cest\u00e3o superadas as d\u00favidas jur\u00eddicas\u201d levantadas sobre o tucano, alvo de recorrentes\u00a0processos de correligion\u00e1rios que tentam tir\u00e1-lo do comando da sigla. <\/span><\/p>\n<p>&nbsp;<\/p>\n<blockquote><p><span style=\"font-weight: 400\">A frente, integrada por PRB, PSDB, PPS, Patriota, PSC, DC e PSD, ainda reiterou a aposta no projeto de reelei\u00e7\u00e3o de Cristovam. Em nota, os partidos declararam que esperam \u201ca r\u00e1pida aprova\u00e7\u00e3o destas pr\u00e9-candidaturas pelas dire\u00e7\u00f5es regionais e nacionais, levando em conta os interesses das pr\u00e9-candidaturas proporcionais, com o que ser\u00e3o definidas as pr\u00e9-candidaturas aos demais cargos majorit\u00e1rios\u201d.<\/span><\/p>\n<p>&nbsp;<\/p><\/blockquote>\n<p><span style=\"font-weight: 400\">Por ora,\u00a0duas vagas da chapa seguem em aberto: a vice-governadoria e a segunda cadeira do Senado, al\u00e9m das supl\u00eancias. Segundo Cristovam, as quest\u00f5es ser\u00e3o resolvidas antes das conven\u00e7\u00f5es partid\u00e1rias, entre 20 de julho e 5 de agosto. \u201cComo todas as d\u00favidas foram sanadas, logo decidiremos a composi\u00e7\u00e3o. Inclusive, como os nomes dos suplentes\u201d, pontuou. <\/span><\/p>\n<p>&nbsp;<\/p>\n<p><span style=\"font-weight: 400\">Entre as tratativas, considera-se a possibilidade do empres\u00e1rio Wanderley Tavares (PRB) ser o n\u00famero dois da chapa e de Rog\u00e9rio Rosso (PSD) concorrer ao Senado. O pessedista, entretanto, tamb\u00e9m mant\u00e9m conversas com a pr\u00e9-candidata ao GDF Eliana Pedrosa (Pros). Oficialmente, ele nega negocia\u00e7\u00f5es com a ex-distrital. <\/span><\/p>\n<p>&nbsp;<\/p>\n<h2><b>Chuva de a\u00e7\u00f5es judiciais<\/b><span style=\"font-weight: 400\"> \u00a0<\/span><\/h2>\n<p>&nbsp;<\/p>\n<p><span style=\"font-weight: 400\"><a href=\"https:\/\/www.correiobraziliense.com.br\/app\/noticia\/cidades\/2018\/05\/18\/interna_cidadesdf,681658\/grupo-de-cristovam-lanca-izalci-lucas-pre-candidato-ao-gdf.shtml\">O grupo de Cristovam havia lan\u00e7ado, em maio, o nome de Izalci Lucas ao Pal\u00e1cio do Buriti<\/a>. Por\u00e9m, a instabilidade partid\u00e1ria do tucano passou a provocar d\u00favidas nos integrantes da coaliz\u00e3o. Insatisfeitos com a gest\u00e3o do deputado federal, correligion\u00e1rios apresentaram \u00e0 Justi\u00e7a uma enxurrada de a\u00e7\u00f5es para garantir elei\u00e7\u00f5es internas na sigla. <\/span><\/p>\n<p>&nbsp;<\/p>\n<p><span style=\"font-weight: 400\">Corre, no TSE, um processo ajuizado por Paulo Roriz que pede o pleito na legenda <\/span><span style=\"font-weight: 400\">at\u00e9 1\u00ba de outubro, \u00e0s v\u00e9speras das elei\u00e7\u00f5es gerais. Na a\u00e7\u00e3o, ele ressalta que o deputado est\u00e1 no posto desde 2015, contrariando resolu\u00e7\u00e3o da pr\u00f3pria Corte \u2014 a norma prev\u00ea que os mandatos provis\u00f3rios tenham validade de 120 dias, podendo ser renovados por igual per\u00edodo, \u201csalvo se o estatuto partid\u00e1rio estabelecer prazo razo\u00e1vel diverso\u201d. Se deferida, a elei\u00e7\u00e3o interna pode prejudicar a candidatura do parlamentar ao Buriti.<\/span><\/p>\n","protected":false},"excerpt":{"rendered":"<p>Ap\u00f3s idas e vindas, o grupo capitaneado pelo senador Cristovam Buarque (PPS) reafirmou, nesta quinta-feira (28\/06), o apoio \u00e0 pr\u00e9-candidatura do deputado federal Izalci Lucas (PSDB) ao Pal\u00e1cio do Buriti. Para a coaliz\u00e3o, \u201cest\u00e3o superadas as d\u00favidas jur\u00eddicas\u201d levantadas sobre o tucano, alvo de recorrentes\u00a0processos de correligion\u00e1rios que tentam tir\u00e1-lo do comando da sigla. &nbsp; [&hellip;]<\/p>\n","protected":false},"author":90,"featured_media":7591,"comment_status":"open","ping_status":"closed","sticky":false,"template":"","format":"standard","meta":{"wpb_read_more":[],"footnotes":""},"categories":[234],"tags":[596,807,16,387,1183],"class_list":["post-11570","post","type-post","status-publish","format-standard","has-post-thumbnail","hentry","category-cb-poder","tag-cristovam-buarque","tag-eleicoes-2018","tag-gdf","tag-palacio-do-buriti","tag-wanderley-tavares"],"_links":{"self":[{"href":"https:\/\/blogs2.correiobraziliense.com.br\/cbpoder\/wp-json\/wp\/v2\/posts\/11570","targetHints":{"allow":["GET"]}}],"collection":[{"href":"https:\/\/blogs2.correiobraziliense.com.br\/cbpoder\/wp-json\/wp\/v2\/posts"}],"about":[{"href":"https:\/\/blogs2.correiobraziliense.com.br\/cbpoder\/wp-json\/wp\/v2\/types\/post"}],"author":[{"embeddable":true,"href":"https:\/\/blogs2.correiobraziliense.com.br\/cbpoder\/wp-json\/wp\/v2\/users\/90"}],"replies":[{"embeddable":true,"href":"https:\/\/blogs2.correiobraziliense.com.br\/cbpoder\/wp-json\/wp\/v2\/comments?post=11570"}],"version-history":[{"count":3,"href":"https:\/\/blogs2.correiobraziliense.com.br\/cbpoder\/wp-json\/wp\/v2\/posts\/11570\/revisions"}],"predecessor-version":[{"id":11573,"href":"https:\/\/blogs2.correiobraziliense.com.br\/cbpoder\/wp-json\/wp\/v2\/posts\/11570\/revisions\/11573"}],"wp:featuredmedia":[{"embeddable":true,"href":"https:\/\/blogs2.correiobraziliense.com.br\/cbpoder\/wp-json\/wp\/v2\/media\/7591"}],"wp:attachment":[{"href":"https:\/\/blogs2.correiobraziliense.com.br\/cbpoder\/wp-json\/wp\/v2\/media?parent=11570"}],"wp:term":[{"taxonomy":"category","embeddable":true,"href":"https:\/\/blogs2.correiobraziliense.com.br\/cbpoder\/wp-json\/wp\/v2\/categories?post=11570"},{"taxonomy":"post_tag","embeddable":true,"href":"https:\/\/blogs2.correiobraziliense.com.br\/cbpoder\/wp-json\/wp\/v2\/tags?post=11570"}],"curies":[{"name":"wp","href":"https:\/\/api.w.org\/{rel}","templated":true}]}}