{"id":11665,"date":"2018-07-05T22:05:29","date_gmt":"2018-07-06T01:05:29","guid":{"rendered":"https:\/\/blogs2.correiobraziliense.com.br\/cbpoder\/?p=11665"},"modified":"2018-07-05T23:01:59","modified_gmt":"2018-07-06T02:01:59","slug":"arruda-faz-campanha-com-fraga-em-evento-para-pms","status":"publish","type":"post","link":"https:\/\/blogs2.correiobraziliense.com.br\/cbpoder\/arruda-faz-campanha-com-fraga-em-evento-para-pms\/","title":{"rendered":"Em jantar com PMs, Arruda diz que Fl\u00e1via dar\u00e1 continuidade a seu trabalho interrompido"},"content":{"rendered":"<p>ANA MARIA CAMPOS<\/p>\n<p>O ex-governador Jos\u00e9 Roberto Arruda (PR) entrou mesmo na campanha. Nesta noite (05\/07), ele participa de evento com policiais militares, ao lado da mulher, Fl\u00e1via Arruda (PR), e do deputado Alberto Fraga (DEM\/DF).<\/p>\n<p>Arruda fez discurso apontando benef\u00edcios que teria conquistado em favor da PM, que apoiou suas campanhas no passado. Disse que Flavia ser\u00e1 candidata a deputada federal por sua insist\u00eancia e afirmou ser v\u00edtima de uma persegui\u00e7\u00e3o sem precedentes.<\/p>\n<p>Por causa da Lei da Ficha Limpa, Arruda est\u00e1 impedido de disputar elei\u00e7\u00f5es. Ele sofreu condena\u00e7\u00e3o em segunda inst\u00e2ncia por improbidade administrativa na Opera\u00e7\u00e3o Caixa de Pandora. No discurso, Arruda quase chorou, segundo relato de quem aconpanhou o evento, ao dizer que sua mulher dar\u00e1 continuidade ao seu trabalho pol\u00edtico interrompido.<\/p>\n<p>Fraga estava em casa entre policiais militares. Tamb\u00e9m fez um pronunciamento em que prometeu lutar pelos benef\u00edcios destinados \u00e0 PM, sua base eleitoral.<\/p>\n<p>O evento desta noite ocorre no restaurante Palho\u00e7a, em frente \u00e0 Candangol\u00e2ndia, organizado pelo ex-administrador da cidade Jo\u00e3o Hermeto, que \u00e9 policial militar.\u00a0O evento \u00e9 um jantar por ades\u00e3o ao pre\u00e7o de R$ 35, para uma refei\u00e7\u00e3o com carne de sol e mandioca.<\/p>\n<p>Arruda e Fraga participaram tamb\u00e9m de un almo\u00e7o de campanha hoje. Mas o ex-governador n\u00e3o discursou.<\/p>\n<p>&nbsp;<\/p>\n","protected":false},"excerpt":{"rendered":"<p>ANA MARIA CAMPOS O ex-governador Jos\u00e9 Roberto Arruda (PR) entrou mesmo na campanha. Nesta noite (05\/07), ele participa de evento com policiais militares, ao lado da mulher, Fl\u00e1via Arruda (PR), e do deputado Alberto Fraga (DEM\/DF). Arruda fez discurso apontando benef\u00edcios que teria conquistado em favor da PM, que apoiou suas campanhas no passado. Disse [&hellip;]<\/p>\n","protected":false},"author":9,"featured_media":11667,"comment_status":"open","ping_status":"closed","sticky":false,"template":"","format":"standard","meta":{"wpb_read_more":[],"footnotes":""},"categories":[234],"tags":[42,1328,81,1329,436],"class_list":["post-11665","post","type-post","status-publish","format-standard","has-post-thumbnail","hentry","category-cb-poder","tag-arruda","tag-flavia","tag-fraga","tag-palhoca","tag-pm"],"_links":{"self":[{"href":"https:\/\/blogs2.correiobraziliense.com.br\/cbpoder\/wp-json\/wp\/v2\/posts\/11665","targetHints":{"allow":["GET"]}}],"collection":[{"href":"https:\/\/blogs2.correiobraziliense.com.br\/cbpoder\/wp-json\/wp\/v2\/posts"}],"about":[{"href":"https:\/\/blogs2.correiobraziliense.com.br\/cbpoder\/wp-json\/wp\/v2\/types\/post"}],"author":[{"embeddable":true,"href":"https:\/\/blogs2.correiobraziliense.com.br\/cbpoder\/wp-json\/wp\/v2\/users\/9"}],"replies":[{"embeddable":true,"href":"https:\/\/blogs2.correiobraziliense.com.br\/cbpoder\/wp-json\/wp\/v2\/comments?post=11665"}],"version-history":[{"count":4,"href":"https:\/\/blogs2.correiobraziliense.com.br\/cbpoder\/wp-json\/wp\/v2\/posts\/11665\/revisions"}],"predecessor-version":[{"id":11672,"href":"https:\/\/blogs2.correiobraziliense.com.br\/cbpoder\/wp-json\/wp\/v2\/posts\/11665\/revisions\/11672"}],"wp:featuredmedia":[{"embeddable":true,"href":"https:\/\/blogs2.correiobraziliense.com.br\/cbpoder\/wp-json\/wp\/v2\/media\/11667"}],"wp:attachment":[{"href":"https:\/\/blogs2.correiobraziliense.com.br\/cbpoder\/wp-json\/wp\/v2\/media?parent=11665"}],"wp:term":[{"taxonomy":"category","embeddable":true,"href":"https:\/\/blogs2.correiobraziliense.com.br\/cbpoder\/wp-json\/wp\/v2\/categories?post=11665"},{"taxonomy":"post_tag","embeddable":true,"href":"https:\/\/blogs2.correiobraziliense.com.br\/cbpoder\/wp-json\/wp\/v2\/tags?post=11665"}],"curies":[{"name":"wp","href":"https:\/\/api.w.org\/{rel}","templated":true}]}}