{"id":11777,"date":"2018-07-16T15:14:08","date_gmt":"2018-07-16T18:14:08","guid":{"rendered":"https:\/\/blogs2.correiobraziliense.com.br\/cbpoder\/?p=11777"},"modified":"2018-07-16T15:14:08","modified_gmt":"2018-07-16T18:14:08","slug":"se-frejat-desistir-rosso-sera-candidato-e-promete-reajuste-no-primeiro-mes","status":"publish","type":"post","link":"https:\/\/blogs2.correiobraziliense.com.br\/cbpoder\/se-frejat-desistir-rosso-sera-candidato-e-promete-reajuste-no-primeiro-mes\/","title":{"rendered":"Se Frejat desistir, Rosso ser\u00e1 candidato e promete reajustes no primeiro m\u00eas"},"content":{"rendered":"<p>ANA MARIA CAMPOS<\/p>\n<p>Em entrevista ao programa CB.Poder, o deputado Rog\u00e9rio Rosso (PSD\/DF) anuncia que ser\u00e1 candidato a governador se Jofran Frejat (PR) desistir da disputa. Ele pretende trabalhar para unir o grupo de oposi\u00e7\u00e3o ao governador Rodrigo Rollemberg (PSB).<\/p>\n<p>Rosso antecipa um tema que dever\u00e1 causar pol\u00eamica na campanha. Ao ser perguntado se pagar\u00e1 o reajuste salarial de 32 categorias de servidores p\u00fablicos, suspensa por Rollemberg, e a paridade dos contracheques da Pol\u00edcia Civil com os da Pol\u00edcia Federal, Rosso afirmou: \u201cPagarei no primeiro m\u00eas\u201d.<\/p>\n<p>Rosso disse que n\u00e3o faltam recursos no or\u00e7amento do Distrito Federal. Rollemberg sempre disse que pagar os reajustes seria imposs\u00edvel sem comprometer o or\u00e7amento anual, sem atrasos de sal\u00e1rios e sem ultrapassar os limites de gastos com pessoal impostos pela Lei de Responsabilidade Fiscal (LRF).<\/p>\n<p>Veja a \u00edntegra da entrevista com Rosso na p\u00e1gina do Correio Braziliense no Facebook.<\/p>\n","protected":false},"excerpt":{"rendered":"<p>ANA MARIA CAMPOS Em entrevista ao programa CB.Poder, o deputado Rog\u00e9rio Rosso (PSD\/DF) anuncia que ser\u00e1 candidato a governador se Jofran Frejat (PR) desistir da disputa. Ele pretende trabalhar para unir o grupo de oposi\u00e7\u00e3o ao governador Rodrigo Rollemberg (PSB). Rosso antecipa um tema que dever\u00e1 causar pol\u00eamica na campanha. Ao ser perguntado se pagar\u00e1 [&hellip;]<\/p>\n","protected":false},"author":9,"featured_media":11224,"comment_status":"open","ping_status":"closed","sticky":false,"template":"","format":"standard","meta":{"wpb_read_more":[],"footnotes":""},"categories":[234],"tags":[311,258,1347],"class_list":["post-11777","post","type-post","status-publish","format-standard","has-post-thumbnail","hentry","category-cb-poder","tag-eleicoes","tag-rogerio-rosso","tag-servidores-publicos"],"_links":{"self":[{"href":"https:\/\/blogs2.correiobraziliense.com.br\/cbpoder\/wp-json\/wp\/v2\/posts\/11777","targetHints":{"allow":["GET"]}}],"collection":[{"href":"https:\/\/blogs2.correiobraziliense.com.br\/cbpoder\/wp-json\/wp\/v2\/posts"}],"about":[{"href":"https:\/\/blogs2.correiobraziliense.com.br\/cbpoder\/wp-json\/wp\/v2\/types\/post"}],"author":[{"embeddable":true,"href":"https:\/\/blogs2.correiobraziliense.com.br\/cbpoder\/wp-json\/wp\/v2\/users\/9"}],"replies":[{"embeddable":true,"href":"https:\/\/blogs2.correiobraziliense.com.br\/cbpoder\/wp-json\/wp\/v2\/comments?post=11777"}],"version-history":[{"count":1,"href":"https:\/\/blogs2.correiobraziliense.com.br\/cbpoder\/wp-json\/wp\/v2\/posts\/11777\/revisions"}],"predecessor-version":[{"id":11778,"href":"https:\/\/blogs2.correiobraziliense.com.br\/cbpoder\/wp-json\/wp\/v2\/posts\/11777\/revisions\/11778"}],"wp:featuredmedia":[{"embeddable":true,"href":"https:\/\/blogs2.correiobraziliense.com.br\/cbpoder\/wp-json\/wp\/v2\/media\/11224"}],"wp:attachment":[{"href":"https:\/\/blogs2.correiobraziliense.com.br\/cbpoder\/wp-json\/wp\/v2\/media?parent=11777"}],"wp:term":[{"taxonomy":"category","embeddable":true,"href":"https:\/\/blogs2.correiobraziliense.com.br\/cbpoder\/wp-json\/wp\/v2\/categories?post=11777"},{"taxonomy":"post_tag","embeddable":true,"href":"https:\/\/blogs2.correiobraziliense.com.br\/cbpoder\/wp-json\/wp\/v2\/tags?post=11777"}],"curies":[{"name":"wp","href":"https:\/\/api.w.org\/{rel}","templated":true}]}}