{"id":11870,"date":"2018-07-19T12:53:42","date_gmt":"2018-07-19T15:53:42","guid":{"rendered":"https:\/\/blogs2.correiobraziliense.com.br\/cbpoder\/?p=11870"},"modified":"2018-07-19T13:34:48","modified_gmt":"2018-07-19T16:34:48","slug":"luiz-estevao-e-geddel-sao-transferidos-para-ala-de-seguranca-maxima-de-pdf1-na-papuda","status":"publish","type":"post","link":"https:\/\/blogs2.correiobraziliense.com.br\/cbpoder\/luiz-estevao-e-geddel-sao-transferidos-para-ala-de-seguranca-maxima-de-pdf1-na-papuda\/","title":{"rendered":"Luiz Estev\u00e3o, Geddel e ex-deputado M\u00e1rcio Junqueira s\u00e3o transferidos para ala de seguran\u00e7a m\u00e1xima de PDF1 na Papuda"},"content":{"rendered":"<p>ANA MARIA CAMPOS<\/p>\n<p>O ex-senador Luiz Estev\u00e3o e o ex-ministro Geddel Vieira Lima foram transferidos do Centro de Deten\u00e7\u00e3o Provis\u00f3ria (CDP) para a Penitenci\u00e1ria do DF (PDF1).\u00a0Eles est\u00e3o em cela individual.\u00a0\u00a0No CDP, eles estavam na ala de vulner\u00e1veis.<\/p>\n<p>O ex-deputado M\u00e1rcio Junqueira (PP\/PI) tamb\u00e9m foi transferido. Ele foi preso em opera\u00e7\u00e3o da Lava-Jato, em maio, suspeito de comprar o sil\u00eancio de um ex-assessor que denunciou esquema de propinas a parlamentares do PP.<\/p>\n<p>Foi uma decis\u00e3o da ju\u00edza Leila Cury, da Vara de Execu\u00e7\u00f5es Penais, como desdobramento da Opera\u00e7\u00e3o Bastilha, deflagrada pela Coordena\u00e7\u00e3o de Combate ao Crime Organizado, aos Crimes contra a Administra\u00e7\u00e3o P\u00fablica e contra a Ordem Tribut\u00e1ria (CECOR) da Pol\u00edcia Civil do DF.<\/p>\n<p>Na PDF1, eles v\u00e3o ficar no Pavilh\u00e3o de seguran\u00e7a m\u00e1xima, mas ter\u00e3o o benef\u00edcio de vaso sanit\u00e1rio e banho quente.<\/p>\n<p>Luiz Estev\u00e3o cumpre pena de 26 anos de pris\u00e3o pelos desvios do TRT de S\u00e3o Paulo. Geddel, ex-ministro do governo Temer, foi denunciado por lavagem de dinheiro e associa\u00e7\u00e3o criminosa no epis\u00f3dio em que foram encontradas malas de dinheiro que somam R$ 51 milh\u00f5es.<\/p>\n<p>&nbsp;<\/p>\n<p>&nbsp;<\/p>\n","protected":false},"excerpt":{"rendered":"<p>ANA MARIA CAMPOS O ex-senador Luiz Estev\u00e3o e o ex-ministro Geddel Vieira Lima foram transferidos do Centro de Deten\u00e7\u00e3o Provis\u00f3ria (CDP) para a Penitenci\u00e1ria do DF (PDF1).\u00a0Eles est\u00e3o em cela individual.\u00a0\u00a0No CDP, eles estavam na ala de vulner\u00e1veis. O ex-deputado M\u00e1rcio Junqueira (PP\/PI) tamb\u00e9m foi transferido. Ele foi preso em opera\u00e7\u00e3o da Lava-Jato, em maio, [&hellip;]<\/p>\n","protected":false},"author":9,"featured_media":10186,"comment_status":"open","ping_status":"closed","sticky":false,"template":"","format":"standard","meta":{"wpb_read_more":[],"footnotes":""},"categories":[234],"tags":[1368,1051,1369,324,1068,1367],"class_list":["post-11870","post","type-post","status-publish","format-standard","has-post-thumbnail","hentry","category-cb-poder","tag-bastilha","tag-cecor","tag-geddel","tag-luiz-estevao","tag-papuda","tag-pdf1"],"_links":{"self":[{"href":"https:\/\/blogs2.correiobraziliense.com.br\/cbpoder\/wp-json\/wp\/v2\/posts\/11870","targetHints":{"allow":["GET"]}}],"collection":[{"href":"https:\/\/blogs2.correiobraziliense.com.br\/cbpoder\/wp-json\/wp\/v2\/posts"}],"about":[{"href":"https:\/\/blogs2.correiobraziliense.com.br\/cbpoder\/wp-json\/wp\/v2\/types\/post"}],"author":[{"embeddable":true,"href":"https:\/\/blogs2.correiobraziliense.com.br\/cbpoder\/wp-json\/wp\/v2\/users\/9"}],"replies":[{"embeddable":true,"href":"https:\/\/blogs2.correiobraziliense.com.br\/cbpoder\/wp-json\/wp\/v2\/comments?post=11870"}],"version-history":[{"count":11,"href":"https:\/\/blogs2.correiobraziliense.com.br\/cbpoder\/wp-json\/wp\/v2\/posts\/11870\/revisions"}],"predecessor-version":[{"id":11881,"href":"https:\/\/blogs2.correiobraziliense.com.br\/cbpoder\/wp-json\/wp\/v2\/posts\/11870\/revisions\/11881"}],"wp:featuredmedia":[{"embeddable":true,"href":"https:\/\/blogs2.correiobraziliense.com.br\/cbpoder\/wp-json\/wp\/v2\/media\/10186"}],"wp:attachment":[{"href":"https:\/\/blogs2.correiobraziliense.com.br\/cbpoder\/wp-json\/wp\/v2\/media?parent=11870"}],"wp:term":[{"taxonomy":"category","embeddable":true,"href":"https:\/\/blogs2.correiobraziliense.com.br\/cbpoder\/wp-json\/wp\/v2\/categories?post=11870"},{"taxonomy":"post_tag","embeddable":true,"href":"https:\/\/blogs2.correiobraziliense.com.br\/cbpoder\/wp-json\/wp\/v2\/tags?post=11870"}],"curies":[{"name":"wp","href":"https:\/\/api.w.org\/{rel}","templated":true}]}}