{"id":11882,"date":"2018-07-19T14:00:11","date_gmt":"2018-07-19T17:00:11","guid":{"rendered":"https:\/\/blogs2.correiobraziliense.com.br\/cbpoder\/?p=11882"},"modified":"2018-07-19T14:23:30","modified_gmt":"2018-07-19T17:23:30","slug":"economista-renata-daguiar-e-cotada-para-ser-vice-de-frejat-caso-medico-retome-pre-candidatura","status":"publish","type":"post","link":"https:\/\/blogs2.correiobraziliense.com.br\/cbpoder\/economista-renata-daguiar-e-cotada-para-ser-vice-de-frejat-caso-medico-retome-pre-candidatura\/","title":{"rendered":"Economista Renata D&#8217;Aguiar \u00e9 cotada para ser vice de Frejat, caso m\u00e9dico retome pr\u00e9-candidatura ao GDF"},"content":{"rendered":"<p><span style=\"font-weight: 400\">Economista formada pela Funda\u00e7\u00e3o Get\u00falio Vargas (FGV) e estreante na pol\u00edtica, Renata D&#8217;Aguiar (PP) \u00e9 cotada para ocupar a vice-governadoria na chapa do ex-secret\u00e1rio de Sa\u00fade <\/span><span style=\"font-weight: 400\">Jofran Frejat<\/span><span style=\"font-weight: 400\"> (PR), <a href=\"https:\/\/blogs2.correiobraziliense.com.br\/cbpoder\/com-carta-branca-do-pr-frejat-avalia-se-retoma-pre-candidatura-ao-gdf-ate-segunda\/\" target=\"_blank\">caso o m\u00e9dico confirme a retomada da pr\u00e9-candidatura ao Pal\u00e1cio do Buriti na pr\u00f3xima segunda-feira (23). A auditora de finan\u00e7as e controle do Tesouro Nacional seria a indica\u00e7\u00e3o do PP Nacional \u00e0 vaga<\/a>. Ela \u00e9 amiga pessoal de Ciro Nogueira, presidente da legenda. <\/span><\/p>\n<p>&nbsp;<\/p>\n<p><span style=\"font-weight: 400\">Renata D&#8217;Aguiar participou, nesta manh\u00e3, da reuni\u00e3o entre Frejat e parte da Executiva Nacional do PR. No encontro, o ex-deputado federal pediu mais tempo para repensar os motivos que o levaram a deixar a corrida eleitoral na \u00faltima ter\u00e7a-feira, al\u00e9m de conversar com os aliados de seu grupo pol\u00edtico, formado por MDB, DEM, PP, PHS e Avante. <\/span><\/p>\n<p>&nbsp;<\/p>\n<blockquote><p><span style=\"font-weight: 400\">A economista seria uma alternativa ao nome do deputado federal R\u00f4ney Nemer (PP), que est\u00e1 ineleg\u00edvel devido \u00e0 condena\u00e7\u00e3o em um dos processos da Opera\u00e7\u00e3o Caixa de Pandora. Considerada uma &#8220;op\u00e7\u00e3o discreta&#8221; e com atua\u00e7\u00e3o na \u00e1rea social, ela atende \u00e0s exig\u00eancias de Frejat, que, entre outras coisas, pede um vice com passado livre de men\u00e7\u00f5es em esc\u00e2ndalos de corrup\u00e7\u00e3o. <\/span><\/p>\n<p>&nbsp;<\/p><\/blockquote>\n<p><span style=\"font-weight: 400\">Com a confirma\u00e7\u00e3o da auditora como vice, a chapa tamb\u00e9m garante a perman\u00eancia do PP no projeto. O partido figura na lista das 10 siglas com mais tempo de propaganda eleitoral na tev\u00ea e no r\u00e1dio e com as maiores fatias do Fundo Especial de Financiamento de Campanha (FEFC) e do Fundo Partid\u00e1rio. <\/span><\/p>\n<p>&nbsp;<\/p>\n<p><span style=\"font-weight: 400\">O dirigente nacional do PR, Valdemar Costa Neto, deu aval ao nome da economista. Resta a palavra final de <\/span><span style=\"font-weight: 400\">Jofran Frejat<\/span><span style=\"font-weight: 400\">, que ganhou carta branca para conduzir as negocia\u00e7\u00f5es<\/span><\/p>\n<p>&nbsp;<\/p>\n","protected":false},"excerpt":{"rendered":"<p>Economista formada pela Funda\u00e7\u00e3o Get\u00falio Vargas (FGV) e estreante na pol\u00edtica, Renata D&#8217;Aguiar (PP) \u00e9 cotada para ocupar a vice-governadoria na chapa do ex-secret\u00e1rio de Sa\u00fade Jofran Frejat (PR), caso o m\u00e9dico confirme a retomada da pr\u00e9-candidatura ao Pal\u00e1cio do Buriti na pr\u00f3xima segunda-feira (23). A auditora de finan\u00e7as e controle do Tesouro Nacional seria [&hellip;]<\/p>\n","protected":false},"author":90,"featured_media":11883,"comment_status":"open","ping_status":"closed","sticky":false,"template":"","format":"standard","meta":{"wpb_read_more":[],"footnotes":""},"categories":[234],"tags":[807,1370,1344],"class_list":["post-11882","post","type-post","status-publish","format-standard","has-post-thumbnail","hentry","category-cb-poder","tag-eleicoes-2018","tag-renata-daguiar","tag-valdemar-costa-neto"],"_links":{"self":[{"href":"https:\/\/blogs2.correiobraziliense.com.br\/cbpoder\/wp-json\/wp\/v2\/posts\/11882","targetHints":{"allow":["GET"]}}],"collection":[{"href":"https:\/\/blogs2.correiobraziliense.com.br\/cbpoder\/wp-json\/wp\/v2\/posts"}],"about":[{"href":"https:\/\/blogs2.correiobraziliense.com.br\/cbpoder\/wp-json\/wp\/v2\/types\/post"}],"author":[{"embeddable":true,"href":"https:\/\/blogs2.correiobraziliense.com.br\/cbpoder\/wp-json\/wp\/v2\/users\/90"}],"replies":[{"embeddable":true,"href":"https:\/\/blogs2.correiobraziliense.com.br\/cbpoder\/wp-json\/wp\/v2\/comments?post=11882"}],"version-history":[{"count":3,"href":"https:\/\/blogs2.correiobraziliense.com.br\/cbpoder\/wp-json\/wp\/v2\/posts\/11882\/revisions"}],"predecessor-version":[{"id":11886,"href":"https:\/\/blogs2.correiobraziliense.com.br\/cbpoder\/wp-json\/wp\/v2\/posts\/11882\/revisions\/11886"}],"wp:featuredmedia":[{"embeddable":true,"href":"https:\/\/blogs2.correiobraziliense.com.br\/cbpoder\/wp-json\/wp\/v2\/media\/11883"}],"wp:attachment":[{"href":"https:\/\/blogs2.correiobraziliense.com.br\/cbpoder\/wp-json\/wp\/v2\/media?parent=11882"}],"wp:term":[{"taxonomy":"category","embeddable":true,"href":"https:\/\/blogs2.correiobraziliense.com.br\/cbpoder\/wp-json\/wp\/v2\/categories?post=11882"},{"taxonomy":"post_tag","embeddable":true,"href":"https:\/\/blogs2.correiobraziliense.com.br\/cbpoder\/wp-json\/wp\/v2\/tags?post=11882"}],"curies":[{"name":"wp","href":"https:\/\/api.w.org\/{rel}","templated":true}]}}