{"id":11894,"date":"2018-07-20T10:50:27","date_gmt":"2018-07-20T13:50:27","guid":{"rendered":"https:\/\/blogs2.correiobraziliense.com.br\/cbpoder\/?p=11894"},"modified":"2018-07-20T10:50:27","modified_gmt":"2018-07-20T13:50:27","slug":"brandao-deve-ser-vice-de-rollemberg","status":"publish","type":"post","link":"https:\/\/blogs2.correiobraziliense.com.br\/cbpoder\/brandao-deve-ser-vice-de-rollemberg\/","title":{"rendered":"Lealdade retribu\u00edda: Eduardo Brand\u00e3o\u00a0(PV) deve ser o vice de Rollemberg"},"content":{"rendered":"<p>O presidente do PV, Eduardo Brand\u00e3o, deve mesmo ser o vice de Rodrigo Rollemberg (PSB). A pessoas pr\u00f3ximas, o governador disse que o amigo foi muito leal em todos os momentos na forma\u00e7\u00e3o da composi\u00e7\u00e3o pol\u00edtica no in\u00edcio das discuss\u00f5es.<\/p>\n<p>&nbsp;<\/p>\n<p>Chegou primeiro e os demais partidos sequer t\u00eam coragem de cobi\u00e7ar o posto. Para Rollemberg, Brand\u00e3o \u00e9 uma garantia de, caso reeleito, poder tirar f\u00e9rias de at\u00e9 30 dias sem receio de voltar e encontrar um novo governo.<\/p>\n","protected":false},"excerpt":{"rendered":"<p>O presidente do PV, Eduardo Brand\u00e3o, deve mesmo ser o vice de Rodrigo Rollemberg (PSB). A pessoas pr\u00f3ximas, o governador disse que o amigo foi muito leal em todos os momentos na forma\u00e7\u00e3o da composi\u00e7\u00e3o pol\u00edtica no in\u00edcio das discuss\u00f5es. &nbsp; Chegou primeiro e os demais partidos sequer t\u00eam coragem de cobi\u00e7ar o posto. Para [&hellip;]<\/p>\n","protected":false},"author":9,"featured_media":11895,"comment_status":"open","ping_status":"closed","sticky":false,"template":"","format":"standard","meta":{"wpb_read_more":[],"footnotes":""},"categories":[234],"tags":[],"class_list":["post-11894","post","type-post","status-publish","format-standard","has-post-thumbnail","hentry","category-cb-poder"],"_links":{"self":[{"href":"https:\/\/blogs2.correiobraziliense.com.br\/cbpoder\/wp-json\/wp\/v2\/posts\/11894","targetHints":{"allow":["GET"]}}],"collection":[{"href":"https:\/\/blogs2.correiobraziliense.com.br\/cbpoder\/wp-json\/wp\/v2\/posts"}],"about":[{"href":"https:\/\/blogs2.correiobraziliense.com.br\/cbpoder\/wp-json\/wp\/v2\/types\/post"}],"author":[{"embeddable":true,"href":"https:\/\/blogs2.correiobraziliense.com.br\/cbpoder\/wp-json\/wp\/v2\/users\/9"}],"replies":[{"embeddable":true,"href":"https:\/\/blogs2.correiobraziliense.com.br\/cbpoder\/wp-json\/wp\/v2\/comments?post=11894"}],"version-history":[{"count":1,"href":"https:\/\/blogs2.correiobraziliense.com.br\/cbpoder\/wp-json\/wp\/v2\/posts\/11894\/revisions"}],"predecessor-version":[{"id":11896,"href":"https:\/\/blogs2.correiobraziliense.com.br\/cbpoder\/wp-json\/wp\/v2\/posts\/11894\/revisions\/11896"}],"wp:featuredmedia":[{"embeddable":true,"href":"https:\/\/blogs2.correiobraziliense.com.br\/cbpoder\/wp-json\/wp\/v2\/media\/11895"}],"wp:attachment":[{"href":"https:\/\/blogs2.correiobraziliense.com.br\/cbpoder\/wp-json\/wp\/v2\/media?parent=11894"}],"wp:term":[{"taxonomy":"category","embeddable":true,"href":"https:\/\/blogs2.correiobraziliense.com.br\/cbpoder\/wp-json\/wp\/v2\/categories?post=11894"},{"taxonomy":"post_tag","embeddable":true,"href":"https:\/\/blogs2.correiobraziliense.com.br\/cbpoder\/wp-json\/wp\/v2\/tags?post=11894"}],"curies":[{"name":"wp","href":"https:\/\/api.w.org\/{rel}","templated":true}]}}