{"id":11897,"date":"2018-07-20T14:01:27","date_gmt":"2018-07-20T17:01:27","guid":{"rendered":"https:\/\/blogs2.correiobraziliense.com.br\/cbpoder\/?p=11897"},"modified":"2018-07-20T11:27:33","modified_gmt":"2018-07-20T14:27:33","slug":"romaria-de-eleitores-e-aliados-na-casa-de-frejat","status":"publish","type":"post","link":"https:\/\/blogs2.correiobraziliense.com.br\/cbpoder\/romaria-de-eleitores-e-aliados-na-casa-de-frejat\/","title":{"rendered":"Desist\u00eancia de candidatura leva romaria de aliados e eleitores \u00e0 casa de Jofran Frejat"},"content":{"rendered":"<p>Jofran Frejat (PR) nunca esteve t\u00e3o em campanha quanto agora que n\u00e3o \u00e9 mais candidato. O movimento em frente \u00e0 sua casa na noite de quarta-feira foi o ato mais evidente de corpo-a-corpo eleitoral deste ano, em que a menos de tr\u00eas meses das elei\u00e7\u00f5es ningu\u00e9m sabe ao certo quem est\u00e1 no p\u00e1reo. Frejat fez discurso, em frente aos eleitores, voltou a repetir que n\u00e3o venderia a alma ao diabo e arrebatou a plateia. Mas n\u00e3o se diz candidato.<\/p>\n<p>&nbsp;<\/p>\n<p><strong>Truco<\/strong><br \/>\nJofran Frejat n\u00e3o \u00e9 mais candidato. Mas pode ser. Rog\u00e9rio Rosso foi lan\u00e7ado para a corrida, mas ainda n\u00e3o decidiu. Izalci Lucas garante que est\u00e1 na disputa, mas ningu\u00e9m acredita. Nunca houve uma elei\u00e7\u00e3o t\u00e3o complicada no Distrito Federal.<\/p>\n<p>&nbsp;<\/p>\n<p><strong>Mais esperto que o diabo&#8230;<\/strong><br \/>\nEsse tem sido o livro de cabeceira do ex-vice-governador Tadeu Filippelli (MDB), em meio a uma guerra para montar uma chapa para as pr\u00f3ximas elei\u00e7\u00f5es. De autoria do fil\u00f3sofo americano Napoleon Hill, a obra de autoconhecimento descreve como algu\u00e9m driblou o diabo e descobriu seus segredos, arrancou uma confiss\u00e3o, desvendou sua identidade e prop\u00f3sitos. Mais do que tudo: encontrou o caminho para venc\u00ea-lo. Algo a ver com a realidade?<\/p>\n","protected":false},"excerpt":{"rendered":"<p>Jofran Frejat (PR) nunca esteve t\u00e3o em campanha quanto agora que n\u00e3o \u00e9 mais candidato. O movimento em frente \u00e0 sua casa na noite de quarta-feira foi o ato mais evidente de corpo-a-corpo eleitoral deste ano, em que a menos de tr\u00eas meses das elei\u00e7\u00f5es ningu\u00e9m sabe ao certo quem est\u00e1 no p\u00e1reo. Frejat fez [&hellip;]<\/p>\n","protected":false},"author":9,"featured_media":11898,"comment_status":"open","ping_status":"closed","sticky":false,"template":"","format":"standard","meta":{"wpb_read_more":[],"footnotes":""},"categories":[234],"tags":[],"class_list":["post-11897","post","type-post","status-publish","format-standard","has-post-thumbnail","hentry","category-cb-poder"],"_links":{"self":[{"href":"https:\/\/blogs2.correiobraziliense.com.br\/cbpoder\/wp-json\/wp\/v2\/posts\/11897","targetHints":{"allow":["GET"]}}],"collection":[{"href":"https:\/\/blogs2.correiobraziliense.com.br\/cbpoder\/wp-json\/wp\/v2\/posts"}],"about":[{"href":"https:\/\/blogs2.correiobraziliense.com.br\/cbpoder\/wp-json\/wp\/v2\/types\/post"}],"author":[{"embeddable":true,"href":"https:\/\/blogs2.correiobraziliense.com.br\/cbpoder\/wp-json\/wp\/v2\/users\/9"}],"replies":[{"embeddable":true,"href":"https:\/\/blogs2.correiobraziliense.com.br\/cbpoder\/wp-json\/wp\/v2\/comments?post=11897"}],"version-history":[{"count":1,"href":"https:\/\/blogs2.correiobraziliense.com.br\/cbpoder\/wp-json\/wp\/v2\/posts\/11897\/revisions"}],"predecessor-version":[{"id":11899,"href":"https:\/\/blogs2.correiobraziliense.com.br\/cbpoder\/wp-json\/wp\/v2\/posts\/11897\/revisions\/11899"}],"wp:featuredmedia":[{"embeddable":true,"href":"https:\/\/blogs2.correiobraziliense.com.br\/cbpoder\/wp-json\/wp\/v2\/media\/11898"}],"wp:attachment":[{"href":"https:\/\/blogs2.correiobraziliense.com.br\/cbpoder\/wp-json\/wp\/v2\/media?parent=11897"}],"wp:term":[{"taxonomy":"category","embeddable":true,"href":"https:\/\/blogs2.correiobraziliense.com.br\/cbpoder\/wp-json\/wp\/v2\/categories?post=11897"},{"taxonomy":"post_tag","embeddable":true,"href":"https:\/\/blogs2.correiobraziliense.com.br\/cbpoder\/wp-json\/wp\/v2\/tags?post=11897"}],"curies":[{"name":"wp","href":"https:\/\/api.w.org\/{rel}","templated":true}]}}