{"id":11912,"date":"2018-07-24T04:30:55","date_gmt":"2018-07-24T07:30:55","guid":{"rendered":"https:\/\/blogs2.correiobraziliense.com.br\/cbpoder\/?p=11912"},"modified":"2018-07-23T18:05:57","modified_gmt":"2018-07-23T21:05:57","slug":"herdeira-politica-de-roriz-liliane-desiste-da-politica","status":"publish","type":"post","link":"https:\/\/blogs2.correiobraziliense.com.br\/cbpoder\/herdeira-politica-de-roriz-liliane-desiste-da-politica\/","title":{"rendered":"Herdeira pol\u00edtica de Roriz, Liliane desiste da pol\u00edtica"},"content":{"rendered":"<p>ANA MARIA CAMPOS<\/p>\n<p>\u00danica herdeira pol\u00edtica do ex-governador Joaquim Roriz com mandato, a deputada distrital Liliane Roriz (Pros) decidiu se retirar da vida p\u00fablica. Ela n\u00e3o participou da conven\u00e7\u00e3o regional de seu partido, que lan\u00e7ou a candidatura de Eliana Pedrosa (Pros) ao governo, com Al\u00edrio Neto (PTB), como vice.<\/p>\n<p>Embora esteja ineleg\u00edvel por condena\u00e7\u00f5es na Justi\u00e7a eleitoral, Liliane poderia tentar uma liminar para disputar a reelei\u00e7\u00e3o ou concorrer a outro cargo, como chegou a ser aventado. Mas a filha ca\u00e7ula de Roriz n\u00e3o vai registrar nenhuma candidatura.<\/p>\n<p>Muitos motivos para mudar de vida<\/p>\n<p>Respons\u00e1vel pelas grava\u00e7\u00f5es que levaram \u00e0 den\u00fancia da Opera\u00e7\u00e3o Dr\u00e1con, Liliane Roriz enfrentou uma s\u00e9rie de problemas de sa\u00fade nos \u00faltimos dois anos, e se descuidou da diabetes, mal que atinge tamb\u00e9m o pai, Joaquim Roriz.<\/p>\n<p>Hoje, ela est\u00e1 bem, mas enfrenta problemas tamb\u00e9m na Justi\u00e7a e com os pol\u00edticos que nunca a perdoaram por atitudes que tomou.<\/p>\n<p>\u00c9 o caso de Celina Le\u00e3o (PP), que teve uma conversa com Liliane gravada e entregue ao Minist\u00e9rio P\u00fablico do Distrito Federal (MPDFT). Tamb\u00e9m est\u00e1 nessa lista o ex-senador Luiz Estev\u00e3o. Liliane se elegeu pelo partido dele, o PRTB, e depois se afastou por discordar de interfer\u00eancias em seu mandato. Liliane tamb\u00e9m diz que quer cuidar da fam\u00edlia e se dedicar a projetos pessoais.<\/p>\n<p>Liliane voltar\u00e1 \u00e0 C\u00e2mara Legislativa no segundo semestre para concluir o segundo mandato.<\/p>\n<p>A aposta da fam\u00edlia agora \u00e9 Joaquim Roriz Neto (Pros), filho da ex-deputada Jaqueline Roriz, que tamb\u00e9m est\u00e1 ineleg\u00edvel, por condena\u00e7\u00e3o em a\u00e7\u00e3o de improbidade administrativa na Opera\u00e7\u00e3o Caixa de Pandora.<\/p>\n<p>&nbsp;<\/p>\n","protected":false},"excerpt":{"rendered":"<p>ANA MARIA CAMPOS \u00danica herdeira pol\u00edtica do ex-governador Joaquim Roriz com mandato, a deputada distrital Liliane Roriz (Pros) decidiu se retirar da vida p\u00fablica. Ela n\u00e3o participou da conven\u00e7\u00e3o regional de seu partido, que lan\u00e7ou a candidatura de Eliana Pedrosa (Pros) ao governo, com Al\u00edrio Neto (PTB), como vice. Embora esteja ineleg\u00edvel por condena\u00e7\u00f5es na [&hellip;]<\/p>\n","protected":false},"author":9,"featured_media":8163,"comment_status":"open","ping_status":"closed","sticky":false,"template":"","format":"standard","meta":{"wpb_read_more":[],"footnotes":""},"categories":[234],"tags":[311,468,114,504],"class_list":["post-11912","post","type-post","status-publish","format-standard","has-post-thumbnail","hentry","category-cb-poder","tag-eleicoes","tag-joaquim-roriz","tag-liliane-roriz","tag-operacao-dracon"],"_links":{"self":[{"href":"https:\/\/blogs2.correiobraziliense.com.br\/cbpoder\/wp-json\/wp\/v2\/posts\/11912","targetHints":{"allow":["GET"]}}],"collection":[{"href":"https:\/\/blogs2.correiobraziliense.com.br\/cbpoder\/wp-json\/wp\/v2\/posts"}],"about":[{"href":"https:\/\/blogs2.correiobraziliense.com.br\/cbpoder\/wp-json\/wp\/v2\/types\/post"}],"author":[{"embeddable":true,"href":"https:\/\/blogs2.correiobraziliense.com.br\/cbpoder\/wp-json\/wp\/v2\/users\/9"}],"replies":[{"embeddable":true,"href":"https:\/\/blogs2.correiobraziliense.com.br\/cbpoder\/wp-json\/wp\/v2\/comments?post=11912"}],"version-history":[{"count":1,"href":"https:\/\/blogs2.correiobraziliense.com.br\/cbpoder\/wp-json\/wp\/v2\/posts\/11912\/revisions"}],"predecessor-version":[{"id":11913,"href":"https:\/\/blogs2.correiobraziliense.com.br\/cbpoder\/wp-json\/wp\/v2\/posts\/11912\/revisions\/11913"}],"wp:featuredmedia":[{"embeddable":true,"href":"https:\/\/blogs2.correiobraziliense.com.br\/cbpoder\/wp-json\/wp\/v2\/media\/8163"}],"wp:attachment":[{"href":"https:\/\/blogs2.correiobraziliense.com.br\/cbpoder\/wp-json\/wp\/v2\/media?parent=11912"}],"wp:term":[{"taxonomy":"category","embeddable":true,"href":"https:\/\/blogs2.correiobraziliense.com.br\/cbpoder\/wp-json\/wp\/v2\/categories?post=11912"},{"taxonomy":"post_tag","embeddable":true,"href":"https:\/\/blogs2.correiobraziliense.com.br\/cbpoder\/wp-json\/wp\/v2\/tags?post=11912"}],"curies":[{"name":"wp","href":"https:\/\/api.w.org\/{rel}","templated":true}]}}