{"id":11916,"date":"2018-07-23T21:35:19","date_gmt":"2018-07-24T00:35:19","guid":{"rendered":"https:\/\/blogs2.correiobraziliense.com.br\/cbpoder\/?p=11916"},"modified":"2018-07-23T21:37:56","modified_gmt":"2018-07-24T00:37:56","slug":"decisao-de-frejat-sobre-retomada-de-pre-candidatura-ao-gdf-fica-para-essa-terca-feira","status":"publish","type":"post","link":"https:\/\/blogs2.correiobraziliense.com.br\/cbpoder\/decisao-de-frejat-sobre-retomada-de-pre-candidatura-ao-gdf-fica-para-essa-terca-feira\/","title":{"rendered":"Decis\u00e3o de Frejat sobre retomada de pr\u00e9-candidatura ao GDF fica para essa ter\u00e7a-feira"},"content":{"rendered":"<p><span style=\"font-weight: 400\">A decis\u00e3o\u00a0do ex-secret\u00e1rio de Sa\u00fade Jofran Frejat (PR) sobre a retomada da pr\u00e9-candidatura ao Pal\u00e1cio do Buriti ficou para essa ter\u00e7a-feira (24\/7). O retorno do m\u00e9dico \u00e0 corrida eleitoral seria debatido em uma reuni\u00e3o\u00a0nesta noite (23). Entretanto, o dirigente nacional do partido, Valdemar Costa Neto, n\u00e3o chegou a tempo em Bras\u00edlia, e o encontro teve de ser remarcado. <\/span><\/p>\n<p>&nbsp;<\/p>\n<blockquote><p><span style=\"font-weight: 400\">Na conversa, a Executiva Nacional do partido pretende convencer Frejat de que ele vai dispor de total autonomia nas negocia\u00e7\u00f5es. H\u00e1 10 dias, o m\u00e9dico renunciou \u00e0 pr\u00e9-candidatura em raz\u00e3o da intransig\u00eancia de aliados. Reclamou das press\u00f5es que sofria dentro do pr\u00f3prio grupo, formado por MDB, DEM, PP, PR, Avante e PHS, e apontou que, mesmo sem seu consentimento, at\u00e9 cargos\u00a0<\/span><span style=\"font-weight: 400\">de uma eventual gest\u00e3o estavam sendo loteados por terceiros. <\/span><\/p>\n<p>&nbsp;<\/p><\/blockquote>\n<p><span style=\"font-weight: 400\"><a href=\"https:\/\/blogs2.correiobraziliense.com.br\/cbpoder\/com-carta-branca-do-pr-frejat-avalia-se-retoma-pre-candidatura-ao-gdf-ate-segunda\/\" target=\"_blank\">Em um encontro na \u00faltima quinta-feira, o PR deu carta branca ao ex-secret\u00e1rio de Sa\u00fade para firmar as coliga\u00e7\u00f5es que considerasse adequadas e dar a palavra final sobre a composi\u00e7\u00e3o da chapa<\/a>. Naquele dia, Frejat pediu mais tempo para pensar. O prazo vence nessa ter\u00e7a-feira. <\/span><\/p>\n<p>&nbsp;<\/p>\n<p><span style=\"font-weight: 400\">Se voltar \u00e0 disputa, o l\u00edder em pesquisas de inten\u00e7\u00e3o de votos deve se consolidar como um dos favoritos. No caso de confirma\u00e7\u00e3o da desist\u00eancia, seu eleitorado se divide entre outros nomes e o projeto de reelei\u00e7\u00e3o de Rodrigo Rollemberg (PSB) pode sair fortalecido. <\/span><\/p>\n","protected":false},"excerpt":{"rendered":"<p>A decis\u00e3o\u00a0do ex-secret\u00e1rio de Sa\u00fade Jofran Frejat (PR) sobre a retomada da pr\u00e9-candidatura ao Pal\u00e1cio do Buriti ficou para essa ter\u00e7a-feira (24\/7). O retorno do m\u00e9dico \u00e0 corrida eleitoral seria debatido em uma reuni\u00e3o\u00a0nesta noite (23). Entretanto, o dirigente nacional do partido, Valdemar Costa Neto, n\u00e3o chegou a tempo em Bras\u00edlia, e o encontro teve [&hellip;]<\/p>\n","protected":false},"author":90,"featured_media":11764,"comment_status":"open","ping_status":"closed","sticky":false,"template":"","format":"standard","meta":{"wpb_read_more":[],"footnotes":""},"categories":[234],"tags":[1345,807,1344],"class_list":["post-11916","post","type-post","status-publish","format-standard","has-post-thumbnail","hentry","category-cb-poder","tag-candidato-ao-gdf","tag-eleicoes-2018","tag-valdemar-costa-neto"],"_links":{"self":[{"href":"https:\/\/blogs2.correiobraziliense.com.br\/cbpoder\/wp-json\/wp\/v2\/posts\/11916","targetHints":{"allow":["GET"]}}],"collection":[{"href":"https:\/\/blogs2.correiobraziliense.com.br\/cbpoder\/wp-json\/wp\/v2\/posts"}],"about":[{"href":"https:\/\/blogs2.correiobraziliense.com.br\/cbpoder\/wp-json\/wp\/v2\/types\/post"}],"author":[{"embeddable":true,"href":"https:\/\/blogs2.correiobraziliense.com.br\/cbpoder\/wp-json\/wp\/v2\/users\/90"}],"replies":[{"embeddable":true,"href":"https:\/\/blogs2.correiobraziliense.com.br\/cbpoder\/wp-json\/wp\/v2\/comments?post=11916"}],"version-history":[{"count":5,"href":"https:\/\/blogs2.correiobraziliense.com.br\/cbpoder\/wp-json\/wp\/v2\/posts\/11916\/revisions"}],"predecessor-version":[{"id":11921,"href":"https:\/\/blogs2.correiobraziliense.com.br\/cbpoder\/wp-json\/wp\/v2\/posts\/11916\/revisions\/11921"}],"wp:featuredmedia":[{"embeddable":true,"href":"https:\/\/blogs2.correiobraziliense.com.br\/cbpoder\/wp-json\/wp\/v2\/media\/11764"}],"wp:attachment":[{"href":"https:\/\/blogs2.correiobraziliense.com.br\/cbpoder\/wp-json\/wp\/v2\/media?parent=11916"}],"wp:term":[{"taxonomy":"category","embeddable":true,"href":"https:\/\/blogs2.correiobraziliense.com.br\/cbpoder\/wp-json\/wp\/v2\/categories?post=11916"},{"taxonomy":"post_tag","embeddable":true,"href":"https:\/\/blogs2.correiobraziliense.com.br\/cbpoder\/wp-json\/wp\/v2\/tags?post=11916"}],"curies":[{"name":"wp","href":"https:\/\/api.w.org\/{rel}","templated":true}]}}