{"id":11943,"date":"2018-07-25T06:00:34","date_gmt":"2018-07-25T09:00:34","guid":{"rendered":"https:\/\/blogs2.correiobraziliense.com.br\/cbpoder\/?p=11943"},"modified":"2018-07-25T00:37:08","modified_gmt":"2018-07-25T03:37:08","slug":"sem-lideres-notaveis-oposicao-bate-cabeca-na-busca-por-candidatos-ao-gdf","status":"publish","type":"post","link":"https:\/\/blogs2.correiobraziliense.com.br\/cbpoder\/sem-lideres-notaveis-oposicao-bate-cabeca-na-busca-por-candidatos-ao-gdf\/","title":{"rendered":"Sem l\u00edderes not\u00e1veis, oposi\u00e7\u00e3o bate cabe\u00e7a na busca por candidatos ao GDF"},"content":{"rendered":"<p><span style=\"font-weight: 400\">ANA MARIA CAMPOS<\/span><\/p>\n<p><span style=\"font-weight: 400\">ANA VIRIATO<\/span><\/p>\n<p>&nbsp;<\/p>\n<p><span style=\"font-weight: 400\">Nunca houve uma elei\u00e7\u00e3o no Distrito Federal como a que se avizinha. Quando as chapas forem formalizadas na Justi\u00e7a eleitoral, aqueles que hoje discutem alian\u00e7as estar\u00e3o em lados opostos. Sem as lideran\u00e7as cl\u00e1ssicas da capital, como Jos\u00e9 Roberto Arruda, Joaquim Roriz, Agnelo Queiroz e Tadeu Filippelli, com possibilidade de concorrer contra o governador Rodrigo Rollemberg (PSB), o cen\u00e1rio pol\u00edtico ficou complicado depois que o \u00fanico nome com proje\u00e7\u00e3o eleitoral da campanha \u2014 Jofran Frejat (PR) \u2014 desistiu. Outros pol\u00edticos com express\u00e3o, como os senadores Cristovam Buarque (PPS\/DF) e Jos\u00e9 Ant\u00f4nio Reguffe (Sem partido\/DF), n\u00e3o s\u00e3o candidatos ao GDF. Assim, existe um v\u00e1cuo no comando.<\/span><\/p>\n<p>&nbsp;<\/p>\n<p><span style=\"font-weight: 400\">A sa\u00edda do ent\u00e3o l\u00edder nas pesquisas de inten\u00e7\u00e3o de votos deu a largada a uma corrida por nomes com f\u00f4lego para crescer na campanha. Um dos potenciais concorrentes, o deputado Rog\u00e9rio Rosso (PSD\/DF), que governou o DF, tamb\u00e9m anunciou ontem que est\u00e1 fora do p\u00e1reo. Os nomes que restaram na oposi\u00e7\u00e3o ao atual governo est\u00e3o longe de atingir a popularidade de Frejat, considerado o favorito.<\/span><\/p>\n<p>&nbsp;<\/p>\n<p><span style=\"font-weight: 400\">Al\u00e9m disso, a desist\u00eancia do m\u00e9dico abriu uma guerra nos bastidores. Aliados dos ex-governadores Arruda e Roriz, v\u00e1rios pol\u00edticos travam um embate, at\u00e9 com baixarias, nos bastidores. Desestimulam candidaturas na base da press\u00e3o e da amea\u00e7a. Como disse Frejat, h\u00e1 muitos diabos na atual campanha. Embora os nomes sejam preservados, os grupos sabem quem s\u00e3o os advers\u00e1rios reais. Esse contexto atrapalha as alian\u00e7as e dificulta uni\u00f5es.<\/span><\/p>\n<p>&nbsp;<\/p>\n<p><span style=\"font-weight: 400\">A campanha est\u00e1 paralisada desde que o ex-secret\u00e1rio de Sa\u00fade disse, h\u00e1 quase duas semanas, que poderia desistir. Na manh\u00e3 de ontem, assim que ele bateu o martelo em conversa com o dirigente nacional do PR, Valdemar Costa Neto, come\u00e7aram as reuni\u00f5es dos diversos grupos para o Plano B. Eles vinham se encontrando, mas ainda havia um fio de esperan\u00e7a de que, com a autonomia oferecida por Valdemar para a montagem da chapa, Frejat voltasse atr\u00e1s.<\/span><\/p>\n<p>&nbsp;<\/p>\n<p><span style=\"font-weight: 400\">Ele n\u00e3o ser\u00e1 candidato justamente por causa do jogo sujo dos bastidores. N\u00e3o revela detalhes, mas todos acreditam que seja pelas dificuldades que teria para comandar a pr\u00f3pria campanha e o governo, caso se elegesse, sem influ\u00eancias nefastas. \u201cFrejat sabia que n\u00e3o poderia governar com o grupo que o apoiava sem manchar a biografia\u201d, acredita Rollemberg. Os dois chegaram a conversar sobre esse assunto.<\/span><\/p>\n<p>&nbsp;<\/p>\n<h2><b>Tentativa de uni\u00e3o<\/b><\/h2>\n<p>&nbsp;<\/p>\n<p><span style=\"font-weight: 400\">O grupo de Frejat e de Rosso, tamb\u00e9m integrado pelo senador Cristovam Buarque, passou o dia ontem em reuni\u00f5es para buscar uma uni\u00e3o. Rosso alegou motivos pessoais e familiares, como a idade avan\u00e7ada dos pais, para justificar a decis\u00e3o de n\u00e3o concorrer ao Buriti. \u201cEstou trabalhando para a converg\u00eancia do nosso grupo e para aglutinar outros partidos. Esse sempre foi o meu pensamento\u201d, disse ao <\/span><b>Correio<\/b><span style=\"font-weight: 400\">.<\/span><\/p>\n<p>&nbsp;<\/p>\n<blockquote><p><span style=\"font-weight: 400\">Cristovam, que havia lan\u00e7ado Rosso para a corrida ao GDF, pensa em voltar atr\u00e1s e trabalhar pela candidatura de Izalci Lucas (PSDB). A chapa seria encabe\u00e7ada pelo tucano, tendo o ex-governador e o parlamentar do PPS como candidatos ao Senado e o vice, uma indica\u00e7\u00e3o do PRB. Os nomes cotados s\u00e3o o do presidente regional, Wanderley Tavares, e o do irm\u00e3o dele, o pastor Egmar Tavares. \u201cSempre mantive a minha disposi\u00e7\u00e3o de concorrer ao governo. As coisas est\u00e3o caminhando para isso\u201d, confirmou Izalci.<\/span><\/p>\n<p>&nbsp;<\/p><\/blockquote>\n<p><span style=\"font-weight: 400\">Em outra chapa de centro-direita, a ex-distrital Eliana Pedrosa (Pros) \u00e9 candidata, tendo o ex-deputado Al\u00edrio Neto (PTB) como vice e o apoio da fam\u00edlia Roriz. A dupla foi sacramentada na conven\u00e7\u00e3o do partido no fim de semana. Falta, no entanto, escolher os concorrentes ao Senado. Eliana nunca disputou cargos majorit\u00e1rios, assim como Al\u00edrio. Em 2014, concorreram a mandatos de deputados federais, mas n\u00e3o se elegeram. T\u00eam agora o desafio de se apresentar como uma alternativa vi\u00e1vel para atrair siglas que integravam o grupo de Frejat. Um dos poss\u00edveis nomes para compor essa alian\u00e7a \u00e9 o do deputado Alberto Fraga (DEM\/DF), pr\u00e9-candidato ao Senado.<\/span><\/p>\n<p>&nbsp;<\/p>\n<h2><b>Exig\u00eancias de lideran\u00e7as<\/b><\/h2>\n<p>&nbsp;<\/p>\n<p><span style=\"font-weight: 400\">Entre os herdeiros do esp\u00f3lio de Frejat, tamb\u00e9m vai surgir uma chapa. Integrado por partidos com tempo de televis\u00e3o e recursos p\u00fablicos de campanha, como o MDB e o PP, o grupo analisa possibilidades, como apoiar Fraga ou Izalci. Tamb\u00e9m h\u00e1 uma via que defende lan\u00e7ar o ex-presidente da Ordem dos Advogados do Brasil no DF (OAB\/DF) Ibaneis Rocha como candidato ao governo.<\/span><\/p>\n<p>&nbsp;<\/p>\n<p><span style=\"font-weight: 400\">A indefini\u00e7\u00e3o afugenta alguns aliados. Com a sa\u00edda de Frejat, o PHS reabriu a roda de negocia\u00e7\u00f5es com outras frentes. \u201cN\u00e3o d\u00e1 para fechar acordo com o grupo de forma imediata sem a certeza do nome que testar\u00e1 as urnas. Voltaremos a conversar com todos e levaremos as op\u00e7\u00f5es aos nossos filiados\u201d, pontuou o presidente regional da sigla, Cristian Viana.<\/span><\/p>\n<p>&nbsp;<\/p>\n<p><span style=\"font-weight: 400\">As contas para eleger deputados federais tamb\u00e9m complicam o quadro. Os representantes de partidos analisam os potenciais de votos dos candidatos \u00e0 C\u00e2mara dos Deputados em rela\u00e7\u00e3o ao coeficiente eleitoral. Concorrentes com muitos eleitores assustam os poss\u00edveis aliados, porque t\u00eam mais chances de chegar na frente. De olho na condi\u00e7\u00e3o, Solidariedade e Podemos aguardam o alinhamento das coaliz\u00f5es de centro-direita para decidir em que lado ficar\u00e3o. \u201cTemos duas exig\u00eancias: um palanque eleitoral para o presidenci\u00e1vel \u00c1lvaro Dias e condi\u00e7\u00f5es igualit\u00e1rias entre os partidos para a elei\u00e7\u00e3o das proporcionais\u201d, frisou o comandante regional do Podemos, Marcos Pacco, que negocia com o governador e a coliga\u00e7\u00e3o de Rosso.<\/span><\/p>\n","protected":false},"excerpt":{"rendered":"<p>ANA MARIA CAMPOS ANA VIRIATO &nbsp; Nunca houve uma elei\u00e7\u00e3o no Distrito Federal como a que se avizinha. Quando as chapas forem formalizadas na Justi\u00e7a eleitoral, aqueles que hoje discutem alian\u00e7as estar\u00e3o em lados opostos. Sem as lideran\u00e7as cl\u00e1ssicas da capital, como Jos\u00e9 Roberto Arruda, Joaquim Roriz, Agnelo Queiroz e Tadeu Filippelli, com possibilidade de [&hellip;]<\/p>\n","protected":false},"author":90,"featured_media":4882,"comment_status":"open","ping_status":"closed","sticky":false,"template":"","format":"standard","meta":{"wpb_read_more":[],"footnotes":""},"categories":[234],"tags":[1379,807,967,387,193,258],"class_list":["post-11943","post","type-post","status-publish","format-standard","has-post-thumbnail","hentry","category-cb-poder","tag-candidatos-gdf","tag-eleicoes-2018","tag-jofran-frejat","tag-palacio-do-buriti","tag-rodrigo-rollemberg","tag-rogerio-rosso"],"_links":{"self":[{"href":"https:\/\/blogs2.correiobraziliense.com.br\/cbpoder\/wp-json\/wp\/v2\/posts\/11943","targetHints":{"allow":["GET"]}}],"collection":[{"href":"https:\/\/blogs2.correiobraziliense.com.br\/cbpoder\/wp-json\/wp\/v2\/posts"}],"about":[{"href":"https:\/\/blogs2.correiobraziliense.com.br\/cbpoder\/wp-json\/wp\/v2\/types\/post"}],"author":[{"embeddable":true,"href":"https:\/\/blogs2.correiobraziliense.com.br\/cbpoder\/wp-json\/wp\/v2\/users\/90"}],"replies":[{"embeddable":true,"href":"https:\/\/blogs2.correiobraziliense.com.br\/cbpoder\/wp-json\/wp\/v2\/comments?post=11943"}],"version-history":[{"count":2,"href":"https:\/\/blogs2.correiobraziliense.com.br\/cbpoder\/wp-json\/wp\/v2\/posts\/11943\/revisions"}],"predecessor-version":[{"id":11946,"href":"https:\/\/blogs2.correiobraziliense.com.br\/cbpoder\/wp-json\/wp\/v2\/posts\/11943\/revisions\/11946"}],"wp:featuredmedia":[{"embeddable":true,"href":"https:\/\/blogs2.correiobraziliense.com.br\/cbpoder\/wp-json\/wp\/v2\/media\/4882"}],"wp:attachment":[{"href":"https:\/\/blogs2.correiobraziliense.com.br\/cbpoder\/wp-json\/wp\/v2\/media?parent=11943"}],"wp:term":[{"taxonomy":"category","embeddable":true,"href":"https:\/\/blogs2.correiobraziliense.com.br\/cbpoder\/wp-json\/wp\/v2\/categories?post=11943"},{"taxonomy":"post_tag","embeddable":true,"href":"https:\/\/blogs2.correiobraziliense.com.br\/cbpoder\/wp-json\/wp\/v2\/tags?post=11943"}],"curies":[{"name":"wp","href":"https:\/\/api.w.org\/{rel}","templated":true}]}}