{"id":11951,"date":"2018-07-25T12:47:20","date_gmt":"2018-07-25T15:47:20","guid":{"rendered":"https:\/\/blogs2.correiobraziliense.com.br\/cbpoder\/?p=11951"},"modified":"2018-07-25T12:47:20","modified_gmt":"2018-07-25T15:47:20","slug":"acordo-com-mpf-permitira-que-gdf-tenha-acesso-a-depoimentos-da-lava-jato","status":"publish","type":"post","link":"https:\/\/blogs2.correiobraziliense.com.br\/cbpoder\/acordo-com-mpf-permitira-que-gdf-tenha-acesso-a-depoimentos-da-lava-jato\/","title":{"rendered":"Acordo com MPF permitir\u00e1 que GDF tenha acesso a depoimentos da Lava-Jato"},"content":{"rendered":"<p>ANA MARIA CAMPOS<\/p>\n<p>O Governo do Distrito Federal aderiu ao acordo de leni\u00eancia firmado pelo Minist\u00e9rio P\u00fablico Federal com a Andrade Gutierrez, empresa integrante do cons\u00f3rcio respons\u00e1vel pela constru\u00e7\u00e3o do est\u00e1dio Nacional de Bras\u00edlia Man\u00e9 Garrincha.<\/p>\n<p>A partir do acordo, a Controladoria-geral do DF ter\u00e1 acesso a todos os documentos e depoimentos relacionados \u00e0s investiga\u00e7\u00f5es e a\u00e7\u00f5es da Opera\u00e7\u00e3o Lava-Jato. Essas informa\u00e7\u00f5es ser\u00e3o fundamentais para embasar os processos administrativos contra servidores, agentes pol\u00edticos e empresas envolvidos em esquemas de corrup\u00e7\u00e3o no Distrito Federal.<\/p>\n<p>Segundo a legisla\u00e7\u00e3o sobre acordos de leni\u00eancia, a Andrade Gutierrez n\u00e3o pode ser atingida pelas medidas administrativas, mas outras empresas envolvidas em conluios ou outros crimes e irregularidades n\u00e3o est\u00e3o protegidas.<\/p>\n<p>Em \u00e2mbito criminal, os respons\u00e1veis por superfaturamentos de obras e corrup\u00e7\u00e3o s\u00e3o alvos de a\u00e7\u00f5es na Justi\u00e7a. Mas h\u00e1 medidas administrativas a serem tomadas, como a cobran\u00e7a de preju\u00edzos, demiss\u00e3o de servidores, declara\u00e7\u00e3o de inidoneidades de empresas e proibi\u00e7\u00e3o do direito de firmar contratos com o Poder P\u00fablico.<\/p>\n<p>A Controladoria-geral apura tamb\u00e9m responsabilidades por irregularidades no Centro Administrativo do DF, no empreendimento habitacional Jardins Mangueiral e no BRT-Sul. Esses empreendimentos est\u00e3o sob apura\u00e7\u00e3o, em \u00e2mbito criminal, pela for\u00e7a-tarefa do Minist\u00e9rio P\u00fablico Federal e pela Pol\u00edcia Federal na Opera\u00e7\u00e3o Panatenaico.<\/p>\n<p>Os ex-governadores Agnelo Queiroz (PT) e Jos\u00e9 Roberto Arruda (PR) e o ex-vice-governador Tadeu Filippelli (MDB) foram denunciados por corrup\u00e7\u00e3o no Man\u00e9 Garrincha. Tamb\u00e9m s\u00e3o investigados por irregularidades nas outras tr\u00eas obras.<\/p>\n<p>O Man\u00e9 Garrincha foi constru\u00eddo em cons\u00f3rcio entre a Andrade Gutierrez e a Via Engenharia. A empreiteira de Bras\u00edlia tamb\u00e9m \u00e9 alvo da Panatenaico, com base em depoimentos de executivos da ex-parceira no neg\u00f3cio de quase R$ 2 bilh\u00f5es.<\/p>\n<p>&nbsp;<\/p>\n<p>&nbsp;<\/p>\n","protected":false},"excerpt":{"rendered":"<p>ANA MARIA CAMPOS O Governo do Distrito Federal aderiu ao acordo de leni\u00eancia firmado pelo Minist\u00e9rio P\u00fablico Federal com a Andrade Gutierrez, empresa integrante do cons\u00f3rcio respons\u00e1vel pela constru\u00e7\u00e3o do est\u00e1dio Nacional de Bras\u00edlia Man\u00e9 Garrincha. A partir do acordo, a Controladoria-geral do DF ter\u00e1 acesso a todos os documentos e depoimentos relacionados \u00e0s investiga\u00e7\u00f5es [&hellip;]<\/p>\n","protected":false},"author":9,"featured_media":8735,"comment_status":"open","ping_status":"closed","sticky":false,"template":"","format":"standard","meta":{"wpb_read_more":[],"footnotes":""},"categories":[234],"tags":[1381,1260,16,163,803],"class_list":["post-11951","post","type-post","status-publish","format-standard","has-post-thumbnail","hentry","category-cb-poder","tag-acordo-leniencia","tag-andrade-gutierrez","tag-gdf","tag-mane-garrincha","tag-operacao-panatenaico"],"_links":{"self":[{"href":"https:\/\/blogs2.correiobraziliense.com.br\/cbpoder\/wp-json\/wp\/v2\/posts\/11951","targetHints":{"allow":["GET"]}}],"collection":[{"href":"https:\/\/blogs2.correiobraziliense.com.br\/cbpoder\/wp-json\/wp\/v2\/posts"}],"about":[{"href":"https:\/\/blogs2.correiobraziliense.com.br\/cbpoder\/wp-json\/wp\/v2\/types\/post"}],"author":[{"embeddable":true,"href":"https:\/\/blogs2.correiobraziliense.com.br\/cbpoder\/wp-json\/wp\/v2\/users\/9"}],"replies":[{"embeddable":true,"href":"https:\/\/blogs2.correiobraziliense.com.br\/cbpoder\/wp-json\/wp\/v2\/comments?post=11951"}],"version-history":[{"count":1,"href":"https:\/\/blogs2.correiobraziliense.com.br\/cbpoder\/wp-json\/wp\/v2\/posts\/11951\/revisions"}],"predecessor-version":[{"id":11952,"href":"https:\/\/blogs2.correiobraziliense.com.br\/cbpoder\/wp-json\/wp\/v2\/posts\/11951\/revisions\/11952"}],"wp:featuredmedia":[{"embeddable":true,"href":"https:\/\/blogs2.correiobraziliense.com.br\/cbpoder\/wp-json\/wp\/v2\/media\/8735"}],"wp:attachment":[{"href":"https:\/\/blogs2.correiobraziliense.com.br\/cbpoder\/wp-json\/wp\/v2\/media?parent=11951"}],"wp:term":[{"taxonomy":"category","embeddable":true,"href":"https:\/\/blogs2.correiobraziliense.com.br\/cbpoder\/wp-json\/wp\/v2\/categories?post=11951"},{"taxonomy":"post_tag","embeddable":true,"href":"https:\/\/blogs2.correiobraziliense.com.br\/cbpoder\/wp-json\/wp\/v2\/tags?post=11951"}],"curies":[{"name":"wp","href":"https:\/\/api.w.org\/{rel}","templated":true}]}}