{"id":12011,"date":"2018-07-30T16:01:06","date_gmt":"2018-07-30T19:01:06","guid":{"rendered":"https:\/\/blogs2.correiobraziliense.com.br\/cbpoder\/?p=12011"},"modified":"2018-07-30T16:01:34","modified_gmt":"2018-07-30T19:01:34","slug":"ibaneis-tenta-fechar-alianca-com-fraga","status":"publish","type":"post","link":"https:\/\/blogs2.correiobraziliense.com.br\/cbpoder\/ibaneis-tenta-fechar-alianca-com-fraga\/","title":{"rendered":"Ibaneis tenta fechar alian\u00e7a com Fraga"},"content":{"rendered":"<p>ANA MARIA CAMPOS<\/p>\n<p>ANA VIRIATO<\/p>\n<p>Pr\u00e9-candidato ao Pal\u00e1cio do Buriti pelo MDB, o ex-presidente da OAB\/DF Ibaneis Rocha recebeu hoje (30\/08) em sua casa, no almo\u00e7o, o deputado Alberto Fraga (DEM\/DF) e o empres\u00e1rio Paulo Oct\u00e1vio (PP), para discutir a forma\u00e7\u00e3o de uma alian\u00e7a.<\/p>\n<p>Ibaneis convidou Anna Chritina Kubitschek (PP) para compor a chapa como vice e Fraga como candidato ao Senado. Fraga, no entanto, quer ser o cabe\u00e7a de chapa. &#8220;N\u00e3o houve consenso&#8221;, \u00a0afirma o deputado federal.<\/p>\n<p>A neta de JK e esposa de Paulo Oct\u00e1vio s\u00f3 aceita integrar a alian\u00e7a se houver uma ampla alian\u00e7a, com a participa\u00e7\u00e3o de Fraga e do PR, ou seja, com o aval do ex-governador Jos\u00e9 Roberto Arruda. Por enquanto, essas condi\u00e7\u00f5es n\u00e3o foram atendidas.<\/p>\n<p>Hoje \u00e0 noite haver\u00e1 uma nova rodada de conversas. Em reuni\u00e3o, Ibaneis\u00a0espera convencer Fraga e tamb\u00e9m o PR. \u00c9 poss\u00edvel que ocorra o an\u00fancio de uma chapa, com a participa\u00e7\u00e3o de todos, ou o racha fique evidente.<\/p>\n<p>Ibaneis tem dito a interlocutores que sua candidatura \u00e9 irrevers\u00edvel. Na conven\u00e7\u00e3o do Avante, no \u00faltimo s\u00e1bado (28\/07), o presidente do MDB, Tadeu Filippelli, anunciou a pr\u00e9-candidatura do ex-presidente da OAB. A interlocutores, disse que essa j\u00e1 \u00e9 uma quest\u00e3o definida pelos emedebistas.<\/p>\n<p>Se n\u00e3o fechar com Ibaneis, Fraga tem duas op\u00e7\u00f5es: encabe\u00e7ar uma chapa como candidato ao GDF, buscando o apoio do PSDB, ou ingressar na coliga\u00e7\u00e3o liderada pela ex-deputada Eliana Pedrosa (Pros), com o ex-deputado Al\u00edrio Neto (PTB) como vice.<\/p>\n<p>Fraga n\u00e3o tem espa\u00e7o na chapa de Rog\u00e9rio Rosso (PSD) porque n\u00e3o aceita concorrer ao Senado ao lado do senador Cristovam Buarque (PPS) que busca a reelei\u00e7\u00e3o. A rec\u00edproca \u00e9 verdadeira. Eles t\u00eam discursos conflitantes, por exemplo, sobre a redu\u00e7\u00e3o da maioridade penal e sobre o desarmamento.<\/p>\n<p>&nbsp;<\/p>\n","protected":false},"excerpt":{"rendered":"<p>ANA MARIA CAMPOS ANA VIRIATO Pr\u00e9-candidato ao Pal\u00e1cio do Buriti pelo MDB, o ex-presidente da OAB\/DF Ibaneis Rocha recebeu hoje (30\/08) em sua casa, no almo\u00e7o, o deputado Alberto Fraga (DEM\/DF) e o empres\u00e1rio Paulo Oct\u00e1vio (PP), para discutir a forma\u00e7\u00e3o de uma alian\u00e7a. Ibaneis convidou Anna Chritina Kubitschek (PP) para compor a chapa como [&hellip;]<\/p>\n","protected":false},"author":9,"featured_media":10144,"comment_status":"open","ping_status":"closed","sticky":false,"template":"","format":"standard","meta":{"wpb_read_more":[],"footnotes":""},"categories":[234],"tags":[1394,81,917],"class_list":["post-12011","post","type-post","status-publish","format-standard","has-post-thumbnail","hentry","category-cb-poder","tag-anna-christina-kubitschek","tag-fraga","tag-ibaneis-rocha"],"_links":{"self":[{"href":"https:\/\/blogs2.correiobraziliense.com.br\/cbpoder\/wp-json\/wp\/v2\/posts\/12011","targetHints":{"allow":["GET"]}}],"collection":[{"href":"https:\/\/blogs2.correiobraziliense.com.br\/cbpoder\/wp-json\/wp\/v2\/posts"}],"about":[{"href":"https:\/\/blogs2.correiobraziliense.com.br\/cbpoder\/wp-json\/wp\/v2\/types\/post"}],"author":[{"embeddable":true,"href":"https:\/\/blogs2.correiobraziliense.com.br\/cbpoder\/wp-json\/wp\/v2\/users\/9"}],"replies":[{"embeddable":true,"href":"https:\/\/blogs2.correiobraziliense.com.br\/cbpoder\/wp-json\/wp\/v2\/comments?post=12011"}],"version-history":[{"count":1,"href":"https:\/\/blogs2.correiobraziliense.com.br\/cbpoder\/wp-json\/wp\/v2\/posts\/12011\/revisions"}],"predecessor-version":[{"id":12013,"href":"https:\/\/blogs2.correiobraziliense.com.br\/cbpoder\/wp-json\/wp\/v2\/posts\/12011\/revisions\/12013"}],"wp:featuredmedia":[{"embeddable":true,"href":"https:\/\/blogs2.correiobraziliense.com.br\/cbpoder\/wp-json\/wp\/v2\/media\/10144"}],"wp:attachment":[{"href":"https:\/\/blogs2.correiobraziliense.com.br\/cbpoder\/wp-json\/wp\/v2\/media?parent=12011"}],"wp:term":[{"taxonomy":"category","embeddable":true,"href":"https:\/\/blogs2.correiobraziliense.com.br\/cbpoder\/wp-json\/wp\/v2\/categories?post=12011"},{"taxonomy":"post_tag","embeddable":true,"href":"https:\/\/blogs2.correiobraziliense.com.br\/cbpoder\/wp-json\/wp\/v2\/tags?post=12011"}],"curies":[{"name":"wp","href":"https:\/\/api.w.org\/{rel}","templated":true}]}}