{"id":12014,"date":"2018-07-30T18:01:26","date_gmt":"2018-07-30T21:01:26","guid":{"rendered":"https:\/\/blogs2.correiobraziliense.com.br\/cbpoder\/?p=12014"},"modified":"2018-07-30T18:01:26","modified_gmt":"2018-07-30T21:01:26","slug":"justica-trabalhista-barra-supersalarios-servidores-da-terracap","status":"publish","type":"post","link":"https:\/\/blogs2.correiobraziliense.com.br\/cbpoder\/justica-trabalhista-barra-supersalarios-servidores-da-terracap\/","title":{"rendered":"Justi\u00e7a Trabalhista barra supersal\u00e1rios a servidores da Terracap"},"content":{"rendered":"<p><span style=\"font-weight: 400\">ALEXANDRE DE PAULA<\/span><\/p>\n<p>&nbsp;<\/p>\n<p><span style=\"font-weight: 400\">A 20\u00aa Vara Trabalhista de Bras\u00edlia vetou o pagamento de sal\u00e1rios\u00a0com valores superiores ao teto constitucional, de R$ 30,4 mil, <\/span>a servidores da Ag\u00eancia de Desenvolvimento do Distrito Federal (Terracap). A decis\u00e3o data do \u00faltimo dia 25, mas foi publicada apenas nesta segunda-feira (30\/07).<\/p>\n<p>&nbsp;<\/p>\n<p><span style=\"font-weight: 400\">Na a\u00e7\u00e3o, o Sindicato dos Servidores e Empregados do DF (Sindser) questionava o alcance da Emenda \u00e0 Lei Org\u00e2nica n\u00ba 99, aprovada pela C\u00e2mara Legislativa em 2017, que barrou supersal\u00e1rios no funcionalismo p\u00fablico do Distrito Federal. Para a entidade, a Terracap \u00e9 uma empresa p\u00fablica independente, com autonomia financeira, e, por isso, os empregados n\u00e3o estariam sujeitos aos efeitos da legisla\u00e7\u00e3o.<\/span><\/p>\n<p>&nbsp;<\/p>\n<blockquote><p><span style=\"font-weight: 400\">A ju\u00edza J\u00fania Martinelli, no entanto, contestou a argumenta\u00e7\u00e3o. \u201cOra, n\u00e3o h\u00e1 como se conceber que uma empresa p\u00fablica, que recebe constantes repasses de verbas p\u00fablicas para pagamento de benef\u00edcios a servidores e para a manuten\u00e7\u00e3o de servi\u00e7os administrativos, seja considerada independente e n\u00e3o se submeta ao teto constitucional\u201d, destaca na decis\u00e3o.<\/span><\/p>\n<p>&nbsp;<\/p><\/blockquote>\n<p><span style=\"font-weight: 400\">No entendimento da magistrada, o limite para o pagamento de sal\u00e1rios deve ser aplicado aos contracheques. \u201cTenho que o sindicato autor n\u00e3o demonstrou que a Terracap n\u00e3o recebe recursos do Distrito Federal para pagamento de despesas com pessoal e custeio em geral. Pelo contr\u00e1rio, todos os elementos dos autos revelam que a Terracap \u00e9 empresa p\u00fablica dependente.\u201d<\/span><\/p>\n<h2><\/h2>\n<h2><b>Cabe recurso<\/b><\/h2>\n<p>&nbsp;<\/p>\n<p><span style=\"font-weight: 400\">O presidente do Sindser-DF, Andr\u00e9 Luiz Azevedo, lamentou a decis\u00e3o da Justi\u00e7a e afirmou que a entidade recorrer\u00e1. \u201cN\u00f3s achamos que a decis\u00e3o \u00e9 injusta e desrespeita os direitos adquiridos, al\u00e9m dos anos de luta dos trabalhadores\u201d, frisou.<\/span><\/p>\n<p>&nbsp;<\/p>\n<p><span style=\"font-weight: 400\">Por meio da assessoria de imprensa, a Terracap informou que ainda n\u00e3o foi notificada oficialmente da decis\u00e3o e que, portanto, n\u00e3o poderia coment\u00e1-la. O \u00f3rg\u00e3o destacou, por\u00e9m, que segue a lei e as determina\u00e7\u00f5es judiciais.<\/span><\/p>\n<p>&nbsp;<\/p>\n<h4><b>&gt;&gt;\u00a0Relembre o caso<\/b><\/h4>\n<p>&nbsp;<\/p>\n<p><span style=\"font-weight: 400\">A Emenda \u00e0 Lei Org\u00e2nica n\u00ba 99 foi promulgada em maio de 2017, ap\u00f3s a exposi\u00e7\u00e3o de contracheques de mais de R$ 100 mil mensais no funcionalismo p\u00fablico do Distrito Federal. A Emenda veda o pagamento de sal\u00e1rios acima de R$ 30.4711,11, vencimento pago aos desembargadores do Tribunal de Justi\u00e7a do DF e dos Territ\u00f3rios (TJDFT).<\/span><\/p>\n<p>&nbsp;<\/p>\n<p><span style=\"font-weight: 400\">A emenda alterou tamb\u00e9m o Inciso 5, do Artigo 19, da Lei Org\u00e2nica do DF, que permitia a empresas p\u00fablicas com arrecada\u00e7\u00e3o pr\u00f3pria ter autonomia para definir as folhas de pagamento. Todas as estatais, com o texto, ficaram submetidas ao teto constitucional.<\/span><\/p>\n","protected":false},"excerpt":{"rendered":"<p>ALEXANDRE DE PAULA &nbsp; A 20\u00aa Vara Trabalhista de Bras\u00edlia vetou o pagamento de sal\u00e1rios\u00a0com valores superiores ao teto constitucional, de R$ 30,4 mil, a servidores da Ag\u00eancia de Desenvolvimento do Distrito Federal (Terracap). A decis\u00e3o data do \u00faltimo dia 25, mas foi publicada apenas nesta segunda-feira (30\/07). &nbsp; Na a\u00e7\u00e3o, o Sindicato dos Servidores [&hellip;]<\/p>\n","protected":false},"author":90,"featured_media":0,"comment_status":"open","ping_status":"closed","sticky":false,"template":"","format":"standard","meta":{"wpb_read_more":[],"footnotes":""},"categories":[234],"tags":[1396,706,15,1395],"class_list":["post-12014","post","type-post","status-publish","format-standard","hentry","category-cb-poder","tag-justica-trabalhista","tag-supersalarios","tag-terracap","tag-teto-constitucional"],"_links":{"self":[{"href":"https:\/\/blogs2.correiobraziliense.com.br\/cbpoder\/wp-json\/wp\/v2\/posts\/12014","targetHints":{"allow":["GET"]}}],"collection":[{"href":"https:\/\/blogs2.correiobraziliense.com.br\/cbpoder\/wp-json\/wp\/v2\/posts"}],"about":[{"href":"https:\/\/blogs2.correiobraziliense.com.br\/cbpoder\/wp-json\/wp\/v2\/types\/post"}],"author":[{"embeddable":true,"href":"https:\/\/blogs2.correiobraziliense.com.br\/cbpoder\/wp-json\/wp\/v2\/users\/90"}],"replies":[{"embeddable":true,"href":"https:\/\/blogs2.correiobraziliense.com.br\/cbpoder\/wp-json\/wp\/v2\/comments?post=12014"}],"version-history":[{"count":2,"href":"https:\/\/blogs2.correiobraziliense.com.br\/cbpoder\/wp-json\/wp\/v2\/posts\/12014\/revisions"}],"predecessor-version":[{"id":12019,"href":"https:\/\/blogs2.correiobraziliense.com.br\/cbpoder\/wp-json\/wp\/v2\/posts\/12014\/revisions\/12019"}],"wp:attachment":[{"href":"https:\/\/blogs2.correiobraziliense.com.br\/cbpoder\/wp-json\/wp\/v2\/media?parent=12014"}],"wp:term":[{"taxonomy":"category","embeddable":true,"href":"https:\/\/blogs2.correiobraziliense.com.br\/cbpoder\/wp-json\/wp\/v2\/categories?post=12014"},{"taxonomy":"post_tag","embeddable":true,"href":"https:\/\/blogs2.correiobraziliense.com.br\/cbpoder\/wp-json\/wp\/v2\/tags?post=12014"}],"curies":[{"name":"wp","href":"https:\/\/api.w.org\/{rel}","templated":true}]}}