{"id":12023,"date":"2018-07-30T20:59:42","date_gmt":"2018-07-30T23:59:42","guid":{"rendered":"https:\/\/blogs2.correiobraziliense.com.br\/cbpoder\/?p=12023"},"modified":"2018-07-30T20:59:42","modified_gmt":"2018-07-30T23:59:42","slug":"fechar-uma-alianca-com-rollemberg-e-um-desejo-meu-e-do-ciro-diz-presidente-do-pdt","status":"publish","type":"post","link":"https:\/\/blogs2.correiobraziliense.com.br\/cbpoder\/fechar-uma-alianca-com-rollemberg-e-um-desejo-meu-e-do-ciro-diz-presidente-do-pdt\/","title":{"rendered":"\u201cFechar uma alian\u00e7a com Rollemberg \u00e9 um desejo meu e do Ciro\u201d, diz presidente do PDT"},"content":{"rendered":"<p><span style=\"font-weight: 400\"><a href=\"https:\/\/www.correiobraziliense.com.br\/app\/noticia\/politica\/2018\/07\/30\/interna_politica,698271\/candidatos-a-presidencia-2018.shtml\" target=\"_blank\">Ap\u00f3s o pr\u00e9-candidato ao Pal\u00e1cio do Planalto Ciro Gomes (PDT) declarar apoio ao projeto de reelei\u00e7\u00e3o do governador Rodrigo Rollemberg (PSB)<\/a>, o presidente nacional pedetista, Carlos Lupi, ratificou a fala do presidenci\u00e1vel e disse acreditar que o socialista seja o melhor nome para governar o Distrito Federal pelos pr\u00f3ximos quatro anos. \u201cFechar uma alian\u00e7a com Rollemberg \u00e9 um desejo meu e do Ciro. Ele \u00e9 uma rara exce\u00e7\u00e3o aos demais governadores de Bras\u00edlia, que, marcados pela corrup\u00e7\u00e3o, acabaram presos. Sua honestidade e honradez nos fazem acreditar que seja o melhor candidato&#8221;, afirmou em conversa com o Correio.<\/span><\/p>\n<p>&nbsp;<\/p>\n<p><span style=\"font-weight: 400\">Para a alian\u00e7a sair do papel, resta um ponto crucial: a declara\u00e7\u00e3o do suporte nacional do PSB \u00e0 candidatura de Ciro Gomes. O acordo teria como contrapartida o apoio do PDT a candidatos socialistas a governos estaduais, a exemplo de Rollemberg. O partido pode, ainda, seguir o candidato indicado pelo PT ou permanecer neutro \u2014 essas duas possibilidades desfavorecem os planos do governador. A decis\u00e3o sobre o futuro da legenda ser\u00e1 discutida na conven\u00e7\u00e3o partid\u00e1ria, prevista para o \u00faltimo dia do prazo, 5 de agosto. <\/span><\/p>\n<p>&nbsp;<\/p>\n<p><span style=\"font-weight: 400\">Apesar das sinaliza\u00e7\u00f5es, o acerto desagrada pedetistas da capital. <a href=\"https:\/\/blogs2.correiobraziliense.com.br\/cbpoder\/pdt-decide-lancar-peniel-pacheco-ao-gdf\/\" target=\"_blank\">A Executiva Regional do partido lan\u00e7ou, no \u00faltimo m\u00eas, o ex-distrital Peniel Pacheco ao Pal\u00e1cio do Buriti para se manter distante de Rollemberg<\/a>. At\u00e9 ent\u00e3o, por\u00e9m, a candidatura n\u00e3o decolou; nenhum partido declarou apoio ao nome do ex-parlamentar. <\/span><\/p>\n<p>&nbsp;<\/p>\n<p><span style=\"font-weight: 400\">Questionado sobre a possibilidade de uma interven\u00e7\u00e3o da Executiva Nacional para garantir o apoio do PDT ao PSB em Bras\u00edlia, Carlos Lupi desconversou: \u201cVamos discutir as possibilidades com as lideran\u00e7as do DF\u201d, disse. \u00a0<\/span><\/p>\n<p>&nbsp;<\/p>\n<p><span style=\"font-weight: 400\">A alian\u00e7a com o PDT garantiria ao chefe do Pal\u00e1cio do Buriti cerca de 21 segundos a cada um dos dois blocos de 9 minutos de propaganda eleitoral na tev\u00ea e no r\u00e1dio. Por ora, o governador acumula 48 segundos, gra\u00e7as a acertos com o PV e a Rede.<\/span><\/p>\n","protected":false},"excerpt":{"rendered":"<p>Ap\u00f3s o pr\u00e9-candidato ao Pal\u00e1cio do Planalto Ciro Gomes (PDT) declarar apoio ao projeto de reelei\u00e7\u00e3o do governador Rodrigo Rollemberg (PSB), o presidente nacional pedetista, Carlos Lupi, ratificou a fala do presidenci\u00e1vel e disse acreditar que o socialista seja o melhor nome para governar o Distrito Federal pelos pr\u00f3ximos quatro anos. \u201cFechar uma alian\u00e7a com [&hellip;]<\/p>\n","protected":false},"author":90,"featured_media":8211,"comment_status":"open","ping_status":"closed","sticky":false,"template":"","format":"standard","meta":{"wpb_read_more":[],"footnotes":""},"categories":[234],"tags":[1398,1314,807,267,1337,52,193],"class_list":["post-12023","post","type-post","status-publish","format-standard","has-post-thumbnail","hentry","category-cb-poder","tag-carlos-lupi","tag-ciro-gomes","tag-eleicoes-2018","tag-pdt","tag-peniel-pacheco","tag-psb","tag-rodrigo-rollemberg"],"_links":{"self":[{"href":"https:\/\/blogs2.correiobraziliense.com.br\/cbpoder\/wp-json\/wp\/v2\/posts\/12023","targetHints":{"allow":["GET"]}}],"collection":[{"href":"https:\/\/blogs2.correiobraziliense.com.br\/cbpoder\/wp-json\/wp\/v2\/posts"}],"about":[{"href":"https:\/\/blogs2.correiobraziliense.com.br\/cbpoder\/wp-json\/wp\/v2\/types\/post"}],"author":[{"embeddable":true,"href":"https:\/\/blogs2.correiobraziliense.com.br\/cbpoder\/wp-json\/wp\/v2\/users\/90"}],"replies":[{"embeddable":true,"href":"https:\/\/blogs2.correiobraziliense.com.br\/cbpoder\/wp-json\/wp\/v2\/comments?post=12023"}],"version-history":[{"count":1,"href":"https:\/\/blogs2.correiobraziliense.com.br\/cbpoder\/wp-json\/wp\/v2\/posts\/12023\/revisions"}],"predecessor-version":[{"id":12024,"href":"https:\/\/blogs2.correiobraziliense.com.br\/cbpoder\/wp-json\/wp\/v2\/posts\/12023\/revisions\/12024"}],"wp:featuredmedia":[{"embeddable":true,"href":"https:\/\/blogs2.correiobraziliense.com.br\/cbpoder\/wp-json\/wp\/v2\/media\/8211"}],"wp:attachment":[{"href":"https:\/\/blogs2.correiobraziliense.com.br\/cbpoder\/wp-json\/wp\/v2\/media?parent=12023"}],"wp:term":[{"taxonomy":"category","embeddable":true,"href":"https:\/\/blogs2.correiobraziliense.com.br\/cbpoder\/wp-json\/wp\/v2\/categories?post=12023"},{"taxonomy":"post_tag","embeddable":true,"href":"https:\/\/blogs2.correiobraziliense.com.br\/cbpoder\/wp-json\/wp\/v2\/tags?post=12023"}],"curies":[{"name":"wp","href":"https:\/\/api.w.org\/{rel}","templated":true}]}}