{"id":12061,"date":"2018-08-01T06:00:01","date_gmt":"2018-08-01T09:00:01","guid":{"rendered":"https:\/\/blogs2.correiobraziliense.com.br\/cbpoder\/?p=12061"},"modified":"2018-08-01T01:01:54","modified_gmt":"2018-08-01T04:01:54","slug":"antigos-aliados-de-arruda-e-roriz-se-dividem-em-quatro-grupos-na-disputa-pelo-gdf","status":"publish","type":"post","link":"https:\/\/blogs2.correiobraziliense.com.br\/cbpoder\/antigos-aliados-de-arruda-e-roriz-se-dividem-em-quatro-grupos-na-disputa-pelo-gdf\/","title":{"rendered":"Antigos aliados de Arruda e Roriz se dividem em quatro grupos na disputa pelo GDF"},"content":{"rendered":"<p><span style=\"font-weight: 400\">ANA MARIA CAMPOS<\/span><\/p>\n<p><span style=\"font-weight: 400\">ANA VIRIATO<\/span><\/p>\n<p>&nbsp;<\/p>\n<p><span style=\"font-weight: 400\">Quando come\u00e7aram as articula\u00e7\u00f5es pela corrida ao Pal\u00e1cio do Buriti, nomes ligados aos ex-governadores Jos\u00e9 Roberto Arruda (PR) e Joaquim Roriz (sem partido) estavam unidos em um s\u00f3 grupo e acumulavam um significativo esp\u00f3lio eleitoral. As negociatas e brigas de egos dos \u00faltimos meses, no entanto, os dividiram em quatro frentes distintas. A \u00faltima delas, lan\u00e7ada ontem. Sob a b\u00ean\u00e7\u00e3o do ex-secret\u00e1rio de Sa\u00fade Jofran Frejat (PR) e gra\u00e7as \u00e0 articula\u00e7\u00e3o de Arruda, o deputado federal Alberto Fraga (DEM) entrou na disputa pelo GDF. Ao lado do democrata, Izalci Lucas (PSDB) concorrer\u00e1 ao Senado. Com a uni\u00e3o sacramentada, nas pr\u00f3ximas duas semanas, o grupo pol\u00edtico vai correr contra o rel\u00f3gio em busca de novos aliados com nomes de f\u00f4lego para preencher as vagas majorit\u00e1rias remanescentes e de ainda mais tempo de propaganda eleitoral na tev\u00ea e no r\u00e1dio.<\/span><\/p>\n<p>&nbsp;<\/p>\n<blockquote><p><span style=\"font-weight: 400\">O lan\u00e7amento da candidatura ocorreu em meio a tentativas frustradas de uma uni\u00e3o entre DEM e PR e o grupo formado por MDB, PP e Avante. Unidos por meses em torno do nome de Jofran Frejat, os partidos se separaram ap\u00f3s a desist\u00eancia do m\u00e9dico. Ex-vice-governador e presidente regional emedebista, Tadeu Filippelli escolheu o ex-presidente da Ordem dos Advogados do Brasil no DF (OAB-DF) Ibaneis Rocha como pr\u00e9-candidato ao GDF e ofereceu a Fraga o posto de senador. Deputado federal mais votado em 2014, o parlamentar n\u00e3o aceitou a oferta por acreditar que det\u00e9m mais chances de vit\u00f3ria. Guiado por Arruda, formalizou um novo grupo.<\/span><\/p>\n<p>&nbsp;<\/p><\/blockquote>\n<p><span style=\"font-weight: 400\">Agora, a frente formada por PR, DEM e PSDB tentar\u00e1\u00a0convencer parte dos antigos aliados\u00a0a ficar ao seu lado. O primeiro deles \u00e9 o PP. Como a sigla \u00e9 presidida regionalmente pelo deputado federal R\u00f4ney Nemer, amigo pessoal de Filippelli, a costura deve acontecer por cima. Articuladores pretendem procurar o comandante nacional da legenda, Ciro Nogueira, para conquistar o apoio. Como argumento, dir\u00e3o que, ao lado do MDB e Avante, o PP n\u00e3o conseguir\u00e1 eleger deputados federais. Caso haja acordo, a vice-governadoria ficar\u00e1 com a agremia\u00e7\u00e3o. O nome cotado para assumir o posto \u00e9 o de Anna Christina Kubitschek, esposa do empres\u00e1rio Paulo Oct\u00e1vio e neta do ex-presidente Juscelino Kubitschek.\u00a0<\/span><\/p>\n<p>&nbsp;<\/p>\n<h2><b>Impasse com MDB<\/b><\/h2>\n<p>&nbsp;<\/p>\n<p><span style=\"font-weight: 400\">Com o MDB, por\u00e9m, uma eventual reaproxima\u00e7\u00e3o pode enfrentar percal\u00e7os. \u201cDizem que, em pol\u00edtica, devemos ciscar para dentro<\/span><i><span style=\"font-weight: 400\">. <\/span><\/i><span style=\"font-weight: 400\">Mas n\u00e3o sei se, dessa vez, vale a pena\u201d, disse Fraga. O deputado federal relembrou que as conversas com os emedebistas n\u00e3o foram produtivas. \u201cAs pessoas acham que dinheiro compra tudo. Tem gente que n\u00e3o sabe o que \u00e9 uma \u00a0urna, mas acha que voto cai de \u00e1rvore. Fizeram o jogo sem combinar com os russos e deu no que deu\u201d, pontuou, se referindo a Ibaneis Rocha. E completou: \u201cSe DEM e PR tivessem sido exclu\u00eddos do jogo com base em crit\u00e9rios, eu aceitaria, como o fiz quando recuei para apoiar Frejat. Mas, por dinheiro, n\u00e3o\u201d.<\/span><\/p>\n<p>&nbsp;<\/p>\n<p><span style=\"font-weight: 400\">Ao <\/span><b>Correio<\/b><span style=\"font-weight: 400\">, ap\u00f3s receber a not\u00edcia de que Fraga havia entrado no p\u00e1reo, Tadeu Filippelli garantiu que a candidatura de Ibaneis Rocha \u00e9 \u201cirrevers\u00edvel\u201d. O partido do ex-vice-governador det\u00e9m o segundo maior tempo de propaganda eleitoral na tev\u00ea e no r\u00e1dio, com cerca de 1 minuto e 3 segundos a cada um dos dois blocos de nove minutos, transmitidos \u00e0s segundas, quartas e sextas-feiras. A legenda tamb\u00e9m est\u00e1 entre as que disp\u00f5em de mais recursos de financiamento de campanha.<\/span><\/p>\n<p>&nbsp;<\/p>\n<h2><b>Chapas pr\u00e9-moldadas<\/b><\/h2>\n<p>&nbsp;<\/p>\n<p><span style=\"font-weight: 400\">As chapas de centro-direita encabe\u00e7adas pela ex-distrital Eliana Pedrosa (Pros) e pelo deputado federal Rog\u00e9rio Rosso (PSD) tamb\u00e9m acertam os detalhes finais. Com Al\u00edrio Neto (PTB) como vice, Eliana busca fechar a composi\u00e7\u00e3o das vagas do Senado. Alguns nomes interessados nos cargos consultam lideran\u00e7as nacionais para\u00a0consolidar a alian\u00e7a.<\/span><\/p>\n<p>&nbsp;<\/p>\n<p><span style=\"font-weight: 400\">Rosso est\u00e1 com a chapa pr\u00e9-moldada. O vice dele ser\u00e1 o pastor Egmar Tavares (PRB). Ao Senado, concorrer\u00e3o Cristovam Buarque (PPS) e o empres\u00e1rio Fernando Marques (Solidariedade). Mas o deputado federal ainda tenta atrair novos aliados. O Podemos fechou a indica\u00e7\u00e3o ao nome dele na \u00faltima segunda-feira. \u201cO apoio foi aprovado por unanimidade. Nosso partido lan\u00e7ar\u00e1 as candidaturas proporcionais e um nome independente ao Senado, o da servidora da Sa\u00fade Nat\u00e1lia Mazzoli. Pela lei, ela ter\u00e1 direito apenas ao tempo de tev\u00ea e r\u00e1dio do Podemos. Tamb\u00e9m pleiteamos uma segunda supl\u00eancia de senador\u201d, explicou o presidente regional da sigla, Marcos Pacco. Em busca da aproxima\u00e7\u00e3o com outros partidos, Cristovam reuniu-se, ontem, com dirigentes do PCdoB e PPL.<\/span><\/p>\n","protected":false},"excerpt":{"rendered":"<p>ANA MARIA CAMPOS ANA VIRIATO &nbsp; Quando come\u00e7aram as articula\u00e7\u00f5es pela corrida ao Pal\u00e1cio do Buriti, nomes ligados aos ex-governadores Jos\u00e9 Roberto Arruda (PR) e Joaquim Roriz (sem partido) estavam unidos em um s\u00f3 grupo e acumulavam um significativo esp\u00f3lio eleitoral. As negociatas e brigas de egos dos \u00faltimos meses, no entanto, os dividiram em [&hellip;]<\/p>\n","protected":false},"author":90,"featured_media":5266,"comment_status":"open","ping_status":"closed","sticky":false,"template":"","format":"standard","meta":{"wpb_read_more":[],"footnotes":""},"categories":[234],"tags":[693,807,1215,16,917,387,258],"class_list":["post-12061","post","type-post","status-publish","format-standard","has-post-thumbnail","hentry","category-cb-poder","tag-alberto-fraga","tag-eleicoes-2018","tag-eliana-pedrosa","tag-gdf","tag-ibaneis-rocha","tag-palacio-do-buriti","tag-rogerio-rosso"],"_links":{"self":[{"href":"https:\/\/blogs2.correiobraziliense.com.br\/cbpoder\/wp-json\/wp\/v2\/posts\/12061","targetHints":{"allow":["GET"]}}],"collection":[{"href":"https:\/\/blogs2.correiobraziliense.com.br\/cbpoder\/wp-json\/wp\/v2\/posts"}],"about":[{"href":"https:\/\/blogs2.correiobraziliense.com.br\/cbpoder\/wp-json\/wp\/v2\/types\/post"}],"author":[{"embeddable":true,"href":"https:\/\/blogs2.correiobraziliense.com.br\/cbpoder\/wp-json\/wp\/v2\/users\/90"}],"replies":[{"embeddable":true,"href":"https:\/\/blogs2.correiobraziliense.com.br\/cbpoder\/wp-json\/wp\/v2\/comments?post=12061"}],"version-history":[{"count":1,"href":"https:\/\/blogs2.correiobraziliense.com.br\/cbpoder\/wp-json\/wp\/v2\/posts\/12061\/revisions"}],"predecessor-version":[{"id":12062,"href":"https:\/\/blogs2.correiobraziliense.com.br\/cbpoder\/wp-json\/wp\/v2\/posts\/12061\/revisions\/12062"}],"wp:featuredmedia":[{"embeddable":true,"href":"https:\/\/blogs2.correiobraziliense.com.br\/cbpoder\/wp-json\/wp\/v2\/media\/5266"}],"wp:attachment":[{"href":"https:\/\/blogs2.correiobraziliense.com.br\/cbpoder\/wp-json\/wp\/v2\/media?parent=12061"}],"wp:term":[{"taxonomy":"category","embeddable":true,"href":"https:\/\/blogs2.correiobraziliense.com.br\/cbpoder\/wp-json\/wp\/v2\/categories?post=12061"},{"taxonomy":"post_tag","embeddable":true,"href":"https:\/\/blogs2.correiobraziliense.com.br\/cbpoder\/wp-json\/wp\/v2\/tags?post=12061"}],"curies":[{"name":"wp","href":"https:\/\/api.w.org\/{rel}","templated":true}]}}