{"id":12209,"date":"2018-08-05T15:27:36","date_gmt":"2018-08-05T18:27:36","guid":{"rendered":"https:\/\/blogs2.correiobraziliense.com.br\/cbpoder\/?p=12209"},"modified":"2018-08-05T15:55:09","modified_gmt":"2018-08-05T18:55:09","slug":"com-historico-polemico-irmao-de-eliana-pedrosa-encabeca-negociacao-com-pdt","status":"publish","type":"post","link":"https:\/\/blogs2.correiobraziliense.com.br\/cbpoder\/com-historico-polemico-irmao-de-eliana-pedrosa-encabeca-negociacao-com-pdt\/","title":{"rendered":"Com hist\u00f3rico pol\u00eamico, irm\u00e3o de Eliana Pedrosa encabe\u00e7a negocia\u00e7\u00e3o com PDT"},"content":{"rendered":"<p><span style=\"font-weight: 400\">Atuante nos bastidores da pol\u00edtica local, Eduardo Pedrosa conduz as articula\u00e7\u00f5es em torno da candidatura da irm\u00e3, Eliana Pedrosa (Pros), ao Pal\u00e1cio do Buriti. H\u00e1 dias, o empres\u00e1rio concentra esfor\u00e7os para garantir a uni\u00e3o do PDT \u00e0 coliga\u00e7\u00e3o da ex-distrital, formada, ainda, por PTB, PMN, PMB, PTC, PHS e Patriota, com a b\u00ean\u00e7\u00e3o do cl\u00e3 Roriz. Caso confirmada, a alian\u00e7a deve garantir ao ex-presidente da C\u00e2mara Legislativa F\u00e1bio Barcellos espa\u00e7o na chapa para disputar o Senado. <\/span><\/p>\n<p>&nbsp;<\/p>\n<p><span style=\"font-weight: 400\">A rela\u00e7\u00e3o entre Barcellos e Eduardo \u00e9 antiga. Ex-presidente regional do PL, o irm\u00e3o de Eliana participou de negocia\u00e7\u00f5es importantes na C\u00e2mara Legislativa e foi um dos respons\u00e1veis, em 2004, pela elei\u00e7\u00e3o do ent\u00e3o deputado (ex-PFL, hoje PDT) ao comando da Casa, a contragosto do governador \u00e0 \u00e9poca, Joaquim Roriz. Durante as negocia\u00e7\u00f5es, Eduardo cuidava pessoalmente de evitar que os distritais conversassem com Roriz. Ele entregou um celular para cada parlamentar que se disp\u00f4s a votar em Barcellos contra o nome da prefer\u00eancia do ent\u00e3o chefe do Buriti, Pedro Passos (MDB). Todos os deputados permaneceram isolados numa casa para evitar press\u00f5es at\u00e9 o momento da vota\u00e7\u00e3o. <\/span><\/p>\n<p>&nbsp;<\/p>\n<blockquote><p><span style=\"font-weight: 400\">Nos bastidores, Barcellos \u00e9 um dos mais incisivos defensores de um acordo com a chapa de Eliana. A op\u00e7\u00e3o ganhou for\u00e7a ap\u00f3s o PSB\u00a0decidir n\u00e3o apoiar formalmente nenhum candidato \u00e0 presid\u00eancia da Rep\u00fablica, isolando Ciro Gomes (PDT). A condi\u00e7\u00e3o reduziu as chances de uma coliga\u00e7\u00e3o entre pedetistas e o grupo pol\u00edtico do governador Rodrigo Rollemberg (PSB).<\/span><\/p>\n<p>&nbsp;<\/p><\/blockquote>\n<p><span style=\"font-weight: 400\">Mas nem todos os integrantes do PDT-DF concordam com a coaliz\u00e3o com o Pros. O distrital Reginaldo Veras, candidato \u00e0 reelei\u00e7\u00e3o, integra o time dos cr\u00edticos. Em discurso na conven\u00e7\u00e3o da legenda, neste s\u00e1bado (04), disse, sem citar nomes, que o partido precisa ficar longe de nomes que possam manchar a trajet\u00f3ria constru\u00edda ao longo dos anos.\u00a0<\/span><\/p>\n<p>&nbsp;<\/p>\n<p><span style=\"font-weight: 400\">O PDT deve oficializar sua postura para o pleito de outubro, com a indica\u00e7\u00e3o da coliga\u00e7\u00e3o, na noite deste domingo. O presidente nacional da sigla, Carlos Lupi, vem a Bras\u00edlia para tratar do assunto.<\/span><\/p>\n<p>&nbsp;<\/p>\n<h2><span style=\"font-weight: 400\">Hist\u00f3rico conturbado<\/span><\/h2>\n<p>&nbsp;<\/p>\n<p><span style=\"font-weight: 400\">Al\u00e9m de investidas nos bastidores da pol\u00edtica, Eduardo Pedrosa coleciona epis\u00f3dios conturbados. Em maio de 2004, chegou a ficar detido provisoriamente na Opera\u00e7\u00e3o Vampiro, a qual desmantelou uma quadrilha que manipulava compras de medicamentos, em sua maioria na \u00e1rea de hemoderivados, em troca de propina no Minist\u00e9rio da Sa\u00fade. As investiga\u00e7\u00f5es come\u00e7aram em mar\u00e7o de 2003. Mais de R$ 2,3 bilh\u00f5es teriam sido desviados nos 14 anos de dura\u00e7\u00e3o do esquema. Ele nega participa\u00e7\u00e3o nos crimes.<\/span><\/p>\n<p>&nbsp;<\/p>\n<p><span style=\"font-weight: 400\">O empres\u00e1rio tamb\u00e9m foi preso em 2015 por n\u00e3o pagar pens\u00e3o aliment\u00edcia. Eduardo ficou na carceragem do Departamento de Pol\u00edcia Especializada (DPE), mas saiu da cadeia no mesmo dia.<\/span><\/p>\n<p>&nbsp;<\/p>\n<p>Eduardo tamb\u00e9m transitou no meio futebol\u00edstico. Entre 2004 e 2005, ocupou a presid\u00eancia do Parano\u00e1 Esporte Clube. Em 2012, o empres\u00e1rio participou da disputa pelo comando da Federa\u00e7\u00e3o Brasiliense de Futebol, mas, apesar de um imbr\u00f3glio judicial, n\u00e3o ficou com o posto.<\/p>\n<p>&nbsp;<\/p>\n","protected":false},"excerpt":{"rendered":"<p>Atuante nos bastidores da pol\u00edtica local, Eduardo Pedrosa conduz as articula\u00e7\u00f5es em torno da candidatura da irm\u00e3, Eliana Pedrosa (Pros), ao Pal\u00e1cio do Buriti. H\u00e1 dias, o empres\u00e1rio concentra esfor\u00e7os para garantir a uni\u00e3o do PDT \u00e0 coliga\u00e7\u00e3o da ex-distrital, formada, ainda, por PTB, PMN, PMB, PTC, PHS e Patriota, com a b\u00ean\u00e7\u00e3o do cl\u00e3 [&hellip;]<\/p>\n","protected":false},"author":90,"featured_media":12210,"comment_status":"open","ping_status":"closed","sticky":false,"template":"","format":"standard","meta":{"wpb_read_more":[],"footnotes":""},"categories":[234],"tags":[1413,807,1215,267],"class_list":["post-12209","post","type-post","status-publish","format-standard","has-post-thumbnail","hentry","category-cb-poder","tag-eduardo-pedrosa","tag-eleicoes-2018","tag-eliana-pedrosa","tag-pdt"],"_links":{"self":[{"href":"https:\/\/blogs2.correiobraziliense.com.br\/cbpoder\/wp-json\/wp\/v2\/posts\/12209","targetHints":{"allow":["GET"]}}],"collection":[{"href":"https:\/\/blogs2.correiobraziliense.com.br\/cbpoder\/wp-json\/wp\/v2\/posts"}],"about":[{"href":"https:\/\/blogs2.correiobraziliense.com.br\/cbpoder\/wp-json\/wp\/v2\/types\/post"}],"author":[{"embeddable":true,"href":"https:\/\/blogs2.correiobraziliense.com.br\/cbpoder\/wp-json\/wp\/v2\/users\/90"}],"replies":[{"embeddable":true,"href":"https:\/\/blogs2.correiobraziliense.com.br\/cbpoder\/wp-json\/wp\/v2\/comments?post=12209"}],"version-history":[{"count":8,"href":"https:\/\/blogs2.correiobraziliense.com.br\/cbpoder\/wp-json\/wp\/v2\/posts\/12209\/revisions"}],"predecessor-version":[{"id":12222,"href":"https:\/\/blogs2.correiobraziliense.com.br\/cbpoder\/wp-json\/wp\/v2\/posts\/12209\/revisions\/12222"}],"wp:featuredmedia":[{"embeddable":true,"href":"https:\/\/blogs2.correiobraziliense.com.br\/cbpoder\/wp-json\/wp\/v2\/media\/12210"}],"wp:attachment":[{"href":"https:\/\/blogs2.correiobraziliense.com.br\/cbpoder\/wp-json\/wp\/v2\/media?parent=12209"}],"wp:term":[{"taxonomy":"category","embeddable":true,"href":"https:\/\/blogs2.correiobraziliense.com.br\/cbpoder\/wp-json\/wp\/v2\/categories?post=12209"},{"taxonomy":"post_tag","embeddable":true,"href":"https:\/\/blogs2.correiobraziliense.com.br\/cbpoder\/wp-json\/wp\/v2\/tags?post=12209"}],"curies":[{"name":"wp","href":"https:\/\/api.w.org\/{rel}","templated":true}]}}