{"id":12415,"date":"2018-08-13T21:34:08","date_gmt":"2018-08-14T00:34:08","guid":{"rendered":"https:\/\/blogs2.correiobraziliense.com.br\/cbpoder\/?p=12415"},"modified":"2018-08-13T23:15:50","modified_gmt":"2018-08-14T02:15:50","slug":"pp-mantem-apoio-a-ibaneis-rocha-na-corrida-pelo-gdf-e-lanca-empresario-ao-senado","status":"publish","type":"post","link":"https:\/\/blogs2.correiobraziliense.com.br\/cbpoder\/pp-mantem-apoio-a-ibaneis-rocha-na-corrida-pelo-gdf-e-lanca-empresario-ao-senado\/","title":{"rendered":"PP mant\u00e9m apoio a Ibaneis Rocha na corrida pelo GDF e lan\u00e7a empres\u00e1rio ao Senado"},"content":{"rendered":"<p><span style=\"font-weight: 400\">Dono do quarto maior tempo de propaganda eleitoral na tev\u00ea e no r\u00e1dio, o PP-DF decidiu, em reuni\u00e3o da Executiva Regional, nesta segunda-feira (13\/08), manter o apoio \u00e0 candidatura do advogado Ibaneis Rocha (MDB) ao Pal\u00e1cio do Buriti. Nos \u00faltimos dias, de olho em uma nominata favor\u00e1vel \u00e0 elei\u00e7\u00e3o de deputados federais, integrantes da legenda negociavam a migra\u00e7\u00e3o para o grupo pol\u00edtico de Eliana Pedrosa (Pros).\u00a0As conversas, contudo, n\u00e3o prosperaram.<\/span><\/p>\n<p>&nbsp;<\/p>\n<p><span style=\"font-weight: 400\">Presidente regional do PP, o deputado federal R\u00f4ney Nemer afirmou que a decis\u00e3o \u201cest\u00e1 alinhada \u00e0 constru\u00e7\u00e3o que vinha acontecendo\u201d, uma vez que o suporte a Ibaneis havia sido referendado em conven\u00e7\u00e3o partid\u00e1ria. \u201cA decis\u00e3o foi estritamente da Executiva Regional. O comando nacional, em todos os momentos, nos deu liberdade total para tratar do assunto. Temos a certeza de que elegeremos deputados federais nesta chapa. Trabalharemos forte para emplacar Celina Le\u00e3o e Olair Francisco\u201d, disse ao <\/span><b>Correio<\/b><span style=\"font-weight: 400\">. <\/span><\/p>\n<p>&nbsp;<\/p>\n<blockquote><p><span style=\"font-weight: 400\">Os progressistas ainda lan\u00e7aram o empres\u00e1rio H\u00e9lio Queiroz, ao Senado. A vaga, at\u00e9 esta segunda-feira, era do ex-vice-governador Paulo Oct\u00e1vio. No entanto, o empres\u00e1rio optou por n\u00e3o concorrer no pleito de outubro. A primeira supl\u00eancia de H\u00e9lio ficou com o advogado Est\u00eanio Campelo (MDB) e a segunda, com Marcos Ant\u00f4nio Domingos (PP). <\/span><\/p>\n<p>&nbsp;<\/p><\/blockquote>\n<p><span style=\"font-weight: 400\">Sem o PP, o grupo de Eliana Pedrosa fecha a coliga\u00e7\u00e3o com Pros, PMB, PMN, PTC, Patriota, PHS e PTB, do candidato a vice-governador Al\u00edrio Neto. Uma das vagas ao Senado, antes guardada para os progressistas, ser\u00e1 ocupada pelo ex-presidente do Conselho Regional dos Engenheiros do DF (Crea-DF) Fl\u00e1vio Correia (PTB). Ao lado dele, concorrer\u00e1 o juiz Everardo Ribeiro, presidente regional do PMN. A frente conta com o apoio do cl\u00e3 Roriz.<\/span><\/p>\n","protected":false},"excerpt":{"rendered":"<p>Dono do quarto maior tempo de propaganda eleitoral na tev\u00ea e no r\u00e1dio, o PP-DF decidiu, em reuni\u00e3o da Executiva Regional, nesta segunda-feira (13\/08), manter o apoio \u00e0 candidatura do advogado Ibaneis Rocha (MDB) ao Pal\u00e1cio do Buriti. Nos \u00faltimos dias, de olho em uma nominata favor\u00e1vel \u00e0 elei\u00e7\u00e3o de deputados federais, integrantes da legenda [&hellip;]<\/p>\n","protected":false},"author":90,"featured_media":12224,"comment_status":"open","ping_status":"closed","sticky":false,"template":"","format":"standard","meta":{"wpb_read_more":[],"footnotes":""},"categories":[234],"tags":[1345,1435,807,917,979],"class_list":["post-12415","post","type-post","status-publish","format-standard","has-post-thumbnail","hentry","category-cb-poder","tag-candidato-ao-gdf","tag-dono-de-jornal","tag-eleicoes-2018","tag-ibaneis-rocha","tag-paulo-octavio"],"_links":{"self":[{"href":"https:\/\/blogs2.correiobraziliense.com.br\/cbpoder\/wp-json\/wp\/v2\/posts\/12415","targetHints":{"allow":["GET"]}}],"collection":[{"href":"https:\/\/blogs2.correiobraziliense.com.br\/cbpoder\/wp-json\/wp\/v2\/posts"}],"about":[{"href":"https:\/\/blogs2.correiobraziliense.com.br\/cbpoder\/wp-json\/wp\/v2\/types\/post"}],"author":[{"embeddable":true,"href":"https:\/\/blogs2.correiobraziliense.com.br\/cbpoder\/wp-json\/wp\/v2\/users\/90"}],"replies":[{"embeddable":true,"href":"https:\/\/blogs2.correiobraziliense.com.br\/cbpoder\/wp-json\/wp\/v2\/comments?post=12415"}],"version-history":[{"count":5,"href":"https:\/\/blogs2.correiobraziliense.com.br\/cbpoder\/wp-json\/wp\/v2\/posts\/12415\/revisions"}],"predecessor-version":[{"id":12425,"href":"https:\/\/blogs2.correiobraziliense.com.br\/cbpoder\/wp-json\/wp\/v2\/posts\/12415\/revisions\/12425"}],"wp:featuredmedia":[{"embeddable":true,"href":"https:\/\/blogs2.correiobraziliense.com.br\/cbpoder\/wp-json\/wp\/v2\/media\/12224"}],"wp:attachment":[{"href":"https:\/\/blogs2.correiobraziliense.com.br\/cbpoder\/wp-json\/wp\/v2\/media?parent=12415"}],"wp:term":[{"taxonomy":"category","embeddable":true,"href":"https:\/\/blogs2.correiobraziliense.com.br\/cbpoder\/wp-json\/wp\/v2\/categories?post=12415"},{"taxonomy":"post_tag","embeddable":true,"href":"https:\/\/blogs2.correiobraziliense.com.br\/cbpoder\/wp-json\/wp\/v2\/tags?post=12415"}],"curies":[{"name":"wp","href":"https:\/\/api.w.org\/{rel}","templated":true}]}}