{"id":12417,"date":"2018-08-13T22:05:33","date_gmt":"2018-08-14T01:05:33","guid":{"rendered":"https:\/\/blogs2.correiobraziliense.com.br\/cbpoder\/?p=12417"},"modified":"2018-08-13T22:06:41","modified_gmt":"2018-08-14T01:06:41","slug":"fraga-desmente-rumores-de-que-desistiria-da-candidatura-ao-gdf","status":"publish","type":"post","link":"https:\/\/blogs2.correiobraziliense.com.br\/cbpoder\/fraga-desmente-rumores-de-que-desistiria-da-candidatura-ao-gdf\/","title":{"rendered":"Fraga desmente rumores de que desistiria da candidatura ao GDF"},"content":{"rendered":"<p><span style=\"font-weight: 400\">O deputado federal Alberto Fraga (DEM) divulgou v\u00eddeo, nesta segunda-feira (13\/08), a fim de desmentir rumores de que desistiria da candidatura ao Pal\u00e1cio do Buriti para concorrer ao Senado na chapa de Eliana Pedrosa (Pros) ou de Ibaneis Rocha (MDB). \u201c\u00c9 impressionante como a falta de not\u00edcia provoca determinadas situa\u00e7\u00f5es\u201d, disse. E complementou: \u201cEu sou candidato, sim, e o desespero est\u00e1 batendo na porta de voc\u00eas, porque eu j\u00e1 sou o segundo colocado. Que desistir o qu\u00ea?! Logo, logo, n\u00f3s vamos estar em primeiro\u201d, apostou. <\/span><\/p>\n<p>&nbsp;<\/p>\n<p><span style=\"font-weight: 400\">O parlamentar encabe\u00e7a a coliga\u00e7\u00e3o formada por DEM, PR, PSDB e DC. O nome do candidato \u00e0 vice-governadoria, por ora, \u00e9 o de Alexandre Bispo, presidente em exerc\u00edcio do PR-DF. Concorrer\u00e3o ao Senado o deputado federal Izalci Lucas (PSDB) e a vice-presidente da Federa\u00e7\u00e3o Nacional das Escolas Particulares (Fenep), Amabile Pacios (PR). Altera\u00e7\u00f5es na composi\u00e7\u00e3o da chapa podem ocorrer at\u00e9 esta quarta-feira, data-limite para o registro de candidaturas e coliga\u00e7\u00f5es na Justi\u00e7a Eleitoral.<\/span><\/p>\n<p>https:\/\/www.youtube.com\/watch?v=x5PFYnZ_D-8&#038;feature=youtu.be<\/p>\n","protected":false},"excerpt":{"rendered":"<p>O deputado federal Alberto Fraga (DEM) divulgou v\u00eddeo, nesta segunda-feira (13\/08), a fim de desmentir rumores de que desistiria da candidatura ao Pal\u00e1cio do Buriti para concorrer ao Senado na chapa de Eliana Pedrosa (Pros) ou de Ibaneis Rocha (MDB). \u201c\u00c9 impressionante como a falta de not\u00edcia provoca determinadas situa\u00e7\u00f5es\u201d, disse. E complementou: \u201cEu sou [&hellip;]<\/p>\n","protected":false},"author":90,"featured_media":186,"comment_status":"open","ping_status":"closed","sticky":false,"template":"","format":"standard","meta":{"wpb_read_more":[],"footnotes":""},"categories":[234],"tags":[1345,807],"class_list":["post-12417","post","type-post","status-publish","format-standard","has-post-thumbnail","hentry","category-cb-poder","tag-candidato-ao-gdf","tag-eleicoes-2018"],"_links":{"self":[{"href":"https:\/\/blogs2.correiobraziliense.com.br\/cbpoder\/wp-json\/wp\/v2\/posts\/12417","targetHints":{"allow":["GET"]}}],"collection":[{"href":"https:\/\/blogs2.correiobraziliense.com.br\/cbpoder\/wp-json\/wp\/v2\/posts"}],"about":[{"href":"https:\/\/blogs2.correiobraziliense.com.br\/cbpoder\/wp-json\/wp\/v2\/types\/post"}],"author":[{"embeddable":true,"href":"https:\/\/blogs2.correiobraziliense.com.br\/cbpoder\/wp-json\/wp\/v2\/users\/90"}],"replies":[{"embeddable":true,"href":"https:\/\/blogs2.correiobraziliense.com.br\/cbpoder\/wp-json\/wp\/v2\/comments?post=12417"}],"version-history":[{"count":2,"href":"https:\/\/blogs2.correiobraziliense.com.br\/cbpoder\/wp-json\/wp\/v2\/posts\/12417\/revisions"}],"predecessor-version":[{"id":12421,"href":"https:\/\/blogs2.correiobraziliense.com.br\/cbpoder\/wp-json\/wp\/v2\/posts\/12417\/revisions\/12421"}],"wp:featuredmedia":[{"embeddable":true,"href":"https:\/\/blogs2.correiobraziliense.com.br\/cbpoder\/wp-json\/wp\/v2\/media\/186"}],"wp:attachment":[{"href":"https:\/\/blogs2.correiobraziliense.com.br\/cbpoder\/wp-json\/wp\/v2\/media?parent=12417"}],"wp:term":[{"taxonomy":"category","embeddable":true,"href":"https:\/\/blogs2.correiobraziliense.com.br\/cbpoder\/wp-json\/wp\/v2\/categories?post=12417"},{"taxonomy":"post_tag","embeddable":true,"href":"https:\/\/blogs2.correiobraziliense.com.br\/cbpoder\/wp-json\/wp\/v2\/tags?post=12417"}],"curies":[{"name":"wp","href":"https:\/\/api.w.org\/{rel}","templated":true}]}}