{"id":12432,"date":"2018-08-14T16:21:18","date_gmt":"2018-08-14T19:21:18","guid":{"rendered":"https:\/\/blogs2.correiobraziliense.com.br\/cbpoder\/?p=12432"},"modified":"2018-08-14T14:54:44","modified_gmt":"2018-08-14T17:54:44","slug":"rosso-se-licencia-do-mandato-para-disputar-o-buriti-e-fraga-fica-no-mandato","status":"publish","type":"post","link":"https:\/\/blogs2.correiobraziliense.com.br\/cbpoder\/rosso-se-licencia-do-mandato-para-disputar-o-buriti-e-fraga-fica-no-mandato\/","title":{"rendered":"Rosso se licencia do mandato para disputar o Buriti e\u00a0Fraga fica no mandato"},"content":{"rendered":"<p>O deputado Rog\u00e9rio Rosso (PSD\/DF) vai tirar licen\u00e7a n\u00e3o remunerada de 120 dias para se dedicar \u00e0 campanha ao Governo do Distrito Federal. Pretende retornar apenas em dezembro, se n\u00e3o vencer a elei\u00e7\u00e3o. No lugar dele, assume Marcos Pacco, primeiro suplente da coliga\u00e7\u00e3o. Presidente regional do Podemos, ele est\u00e1 na coliga\u00e7\u00e3o de Rosso e disputar\u00e1 um mandato de deputado federal. \u201cN\u00e3o \u00e9 correto ir para uma corrida majorit\u00e1ria e ainda utilizar o gabinete e receber sal\u00e1rio na C\u00e2mara, por mais que possamos separar as agendas\u201d, afirma.<\/p>\n<p><strong>Divis\u00e3o do tempo<\/strong><br \/>\nTamb\u00e9m candidato ao GDF, o deputado Alberto Fraga (DEM\/DF) n\u00e3o vai se licenciar do mandato na C\u00e2mara. L\u00edder da bancada da bala, ele pretende dividir o tempo entre o trabalho parlamentar e a campanha, apostando que o Congresso estar\u00e1 parado no segundo semestre. Uma licen\u00e7a de Fraga n\u00e3o seria politicamente interessante para seu grupo, j\u00e1 que assumiria o mandato o ex-distrital Al\u00edrio Neto (PTB), candidato a vice na chapa de Eliana Pedrosa (Pros).<\/p>\n","protected":false},"excerpt":{"rendered":"<p>O deputado Rog\u00e9rio Rosso (PSD\/DF) vai tirar licen\u00e7a n\u00e3o remunerada de 120 dias para se dedicar \u00e0 campanha ao Governo do Distrito Federal. Pretende retornar apenas em dezembro, se n\u00e3o vencer a elei\u00e7\u00e3o. No lugar dele, assume Marcos Pacco, primeiro suplente da coliga\u00e7\u00e3o. Presidente regional do Podemos, ele est\u00e1 na coliga\u00e7\u00e3o de Rosso e disputar\u00e1 [&hellip;]<\/p>\n","protected":false},"author":9,"featured_media":12433,"comment_status":"open","ping_status":"closed","sticky":false,"template":"","format":"standard","meta":{"wpb_read_more":[],"footnotes":""},"categories":[234],"tags":[],"class_list":["post-12432","post","type-post","status-publish","format-standard","has-post-thumbnail","hentry","category-cb-poder"],"_links":{"self":[{"href":"https:\/\/blogs2.correiobraziliense.com.br\/cbpoder\/wp-json\/wp\/v2\/posts\/12432","targetHints":{"allow":["GET"]}}],"collection":[{"href":"https:\/\/blogs2.correiobraziliense.com.br\/cbpoder\/wp-json\/wp\/v2\/posts"}],"about":[{"href":"https:\/\/blogs2.correiobraziliense.com.br\/cbpoder\/wp-json\/wp\/v2\/types\/post"}],"author":[{"embeddable":true,"href":"https:\/\/blogs2.correiobraziliense.com.br\/cbpoder\/wp-json\/wp\/v2\/users\/9"}],"replies":[{"embeddable":true,"href":"https:\/\/blogs2.correiobraziliense.com.br\/cbpoder\/wp-json\/wp\/v2\/comments?post=12432"}],"version-history":[{"count":1,"href":"https:\/\/blogs2.correiobraziliense.com.br\/cbpoder\/wp-json\/wp\/v2\/posts\/12432\/revisions"}],"predecessor-version":[{"id":12434,"href":"https:\/\/blogs2.correiobraziliense.com.br\/cbpoder\/wp-json\/wp\/v2\/posts\/12432\/revisions\/12434"}],"wp:featuredmedia":[{"embeddable":true,"href":"https:\/\/blogs2.correiobraziliense.com.br\/cbpoder\/wp-json\/wp\/v2\/media\/12433"}],"wp:attachment":[{"href":"https:\/\/blogs2.correiobraziliense.com.br\/cbpoder\/wp-json\/wp\/v2\/media?parent=12432"}],"wp:term":[{"taxonomy":"category","embeddable":true,"href":"https:\/\/blogs2.correiobraziliense.com.br\/cbpoder\/wp-json\/wp\/v2\/categories?post=12432"},{"taxonomy":"post_tag","embeddable":true,"href":"https:\/\/blogs2.correiobraziliense.com.br\/cbpoder\/wp-json\/wp\/v2\/tags?post=12432"}],"curies":[{"name":"wp","href":"https:\/\/api.w.org\/{rel}","templated":true}]}}