{"id":12456,"date":"2018-08-15T15:22:02","date_gmt":"2018-08-15T18:22:02","guid":{"rendered":"https:\/\/blogs2.correiobraziliense.com.br\/cbpoder\/?p=12456"},"modified":"2018-08-16T13:33:07","modified_gmt":"2018-08-16T16:33:07","slug":"paulo-chagas-aposta-no-apoio-de-bolsonaro-para-vencer-corrida-pelo-buriti","status":"publish","type":"post","link":"https:\/\/blogs2.correiobraziliense.com.br\/cbpoder\/paulo-chagas-aposta-no-apoio-de-bolsonaro-para-vencer-corrida-pelo-buriti\/","title":{"rendered":"Paulo Chagas aposta no apoio de Bolsonaro para vencer corrida pelo Buriti"},"content":{"rendered":"<p>ALEXANDRE DE PAULA<\/p>\n<p>&nbsp;<\/p>\n<p><span style=\"font-weight: 400;\">Candidato ao Governo do Distrito Federal pelo PRP, general Paulo Chagas, aposta no apoio do presidenci\u00e1vel Jair Bolsonaro (PSL) e na pulveriza\u00e7\u00e3o de candidaturas para ganhar for\u00e7a nas elei\u00e7\u00f5es deste ano. Chagas foi o segundo convidado da s\u00e9rie de entrevistas com os postulantes ao Pal\u00e1cio do Buriti promovida pelo programa CB.Poder, parceria do Correio Braziliense com a TV Bras\u00edlia.<\/span><\/p>\n<p>&nbsp;<\/p>\n<p><span style=\"font-weight: 400;\">O militar da reserva \u00a0garantiu que Bolsonaro participar\u00e1 ativamente da campanha pela sucess\u00e3o ao Executivo local e j\u00e1 tem gravado mensagens de apoio. \u201cN\u00e3o sei o planejamento ou o quadro-hor\u00e1rio da campanha dele, mas, certamente, sempre que estiver em Bras\u00edlia, n\u00f3s estaremos juntos\u201d, disse.<\/span><\/p>\n<p>&nbsp;<\/p>\n<blockquote><p><span style=\"font-weight: 400;\">A chegada do deputado federal Alberto Fraga \u2014 \u00a0que sempre fez elogios a Bolsonaro, apesar de ter fechado com Geraldo Alckmin (PSBD) \u2014 \u00a0\u00e0 corrida pelo Buriti pode dividir o eleitorado conservador, na vis\u00e3o do general. Ele acredita, no entanto, que as declara\u00e7\u00f5es do presidenci\u00e1vel v\u00e3o pesar. \u201cNo in\u00edcio, quando havia tanto eu quanto o deputado Fraga, Bolsonaro se definiu logo, dizendo que eu era o candidato dele ao governo e que o Fraga seria um bom nome ao Senado\u201d, lembra.<\/span><\/p>\n<p>&nbsp;<\/p><\/blockquote>\n<p><span style=\"font-weight: 400;\">Para Chagas, o n\u00famero recorde de candidaturas ao GDF \u2014 s\u00e3o 11 postulantes \u2014 ajudar\u00e1 os nomes menos conhecidos. \u201cA grande dificuldade de quem \u00e9 novo \u00e9 se fazer conhecido e, como tem muitos candidatos, o percentual de votos para o segundo turno deve ser baixo.\u201d Ele acredita que haver\u00e1 segundo turno. \u201cN\u00e3o vejo nenhum candidato favorito o suficiente para a gente dizer que n\u00e3o vai haver\u201d, opinou.<\/span><\/p>\n<h2><\/h2>\n<h2><b>Seguran\u00e7a p\u00fablica<\/b><\/h2>\n<p>&nbsp;<\/p>\n<p><span style=\"font-weight: 400;\">No tema da seguran\u00e7a p\u00fablica, uma das bandeiras da candidatura, o general criticou a forma como os said\u00f5es s\u00e3o concedidos aos presos e definiu como \u201cerro\u201d a libera\u00e7\u00e3o do homem que causou a trag\u00e9dia com tr\u00eas mortos no \u00faltimo fim de semana no Eix\u00e3o Sul.<\/span><\/p>\n<p>&nbsp;<\/p>\n<p><span style=\"font-weight: 400;\">\u201cTem de ser feita uma sele\u00e7\u00e3o e um acompanhamento melhor das pessoas no pres\u00eddio para ver quem est\u00e1 em condi\u00e7\u00f5es de ser reintegrado \u00e0 sociedade. No sistema prisional, a gente tem que saber dividir as pessoas. Alguns s\u00e3o irrecuper\u00e1veis e isso n\u00e3o \u00e9 dif\u00edcil de saber. Essas pessoas n\u00e3o podem sair\u201d, observou.<\/span><\/p>\n<p>&nbsp;<\/p>\n<p><span style=\"font-weight: 400;\">Chagas tamb\u00e9m alegou considerar justos reajustes \u00e0s Pol\u00edcias e a concess\u00e3o de paridade dos sal\u00e1rios da Pol\u00edcia Civil com a Federal. \u201cMas n\u00e3o podemos privilegiar uma ag\u00eancia de seguran\u00e7a p\u00fablica em detrimento da outra. Se uma tem aumento, a outra tem que acompanhar. Ou estaremos fazendo uma diferencia\u00e7\u00e3o que vai ter resultado negativo no final\u201d, declarou.<\/span><\/p>\n<p>&nbsp;<\/p>\n<h3>Confira a \u00edntegra:<\/h3>\n<h3><\/h3>\n<p>https:\/\/www.facebook.com\/correiobraziliense\/videos\/238740126781526\/<\/p>\n","protected":false},"excerpt":{"rendered":"<p>ALEXANDRE DE PAULA &nbsp; Candidato ao Governo do Distrito Federal pelo PRP, general Paulo Chagas, aposta no apoio do presidenci\u00e1vel Jair Bolsonaro (PSL) e na pulveriza\u00e7\u00e3o de candidaturas para ganhar for\u00e7a nas elei\u00e7\u00f5es deste ano. Chagas foi o segundo convidado da s\u00e9rie de entrevistas com os postulantes ao Pal\u00e1cio do Buriti promovida pelo programa CB.Poder, [&hellip;]<\/p>\n","protected":false},"author":90,"featured_media":12457,"comment_status":"open","ping_status":"closed","sticky":false,"template":"","format":"standard","meta":{"wpb_read_more":[],"footnotes":""},"categories":[234],"tags":[1345,807,1141,1436],"class_list":["post-12456","post","type-post","status-publish","format-standard","has-post-thumbnail","hentry","category-cb-poder","tag-candidato-ao-gdf","tag-eleicoes-2018","tag-general-paulo-chagas","tag-jair-bolsonaro"],"_links":{"self":[{"href":"https:\/\/blogs2.correiobraziliense.com.br\/cbpoder\/wp-json\/wp\/v2\/posts\/12456","targetHints":{"allow":["GET"]}}],"collection":[{"href":"https:\/\/blogs2.correiobraziliense.com.br\/cbpoder\/wp-json\/wp\/v2\/posts"}],"about":[{"href":"https:\/\/blogs2.correiobraziliense.com.br\/cbpoder\/wp-json\/wp\/v2\/types\/post"}],"author":[{"embeddable":true,"href":"https:\/\/blogs2.correiobraziliense.com.br\/cbpoder\/wp-json\/wp\/v2\/users\/90"}],"replies":[{"embeddable":true,"href":"https:\/\/blogs2.correiobraziliense.com.br\/cbpoder\/wp-json\/wp\/v2\/comments?post=12456"}],"version-history":[{"count":2,"href":"https:\/\/blogs2.correiobraziliense.com.br\/cbpoder\/wp-json\/wp\/v2\/posts\/12456\/revisions"}],"predecessor-version":[{"id":12485,"href":"https:\/\/blogs2.correiobraziliense.com.br\/cbpoder\/wp-json\/wp\/v2\/posts\/12456\/revisions\/12485"}],"wp:featuredmedia":[{"embeddable":true,"href":"https:\/\/blogs2.correiobraziliense.com.br\/cbpoder\/wp-json\/wp\/v2\/media\/12457"}],"wp:attachment":[{"href":"https:\/\/blogs2.correiobraziliense.com.br\/cbpoder\/wp-json\/wp\/v2\/media?parent=12456"}],"wp:term":[{"taxonomy":"category","embeddable":true,"href":"https:\/\/blogs2.correiobraziliense.com.br\/cbpoder\/wp-json\/wp\/v2\/categories?post=12456"},{"taxonomy":"post_tag","embeddable":true,"href":"https:\/\/blogs2.correiobraziliense.com.br\/cbpoder\/wp-json\/wp\/v2\/tags?post=12456"}],"curies":[{"name":"wp","href":"https:\/\/api.w.org\/{rel}","templated":true}]}}