{"id":12459,"date":"2018-08-15T21:30:18","date_gmt":"2018-08-16T00:30:18","guid":{"rendered":"https:\/\/blogs2.correiobraziliense.com.br\/cbpoder\/?p=12459"},"modified":"2018-08-16T13:57:50","modified_gmt":"2018-08-16T16:57:50","slug":"dona-weslian-roriz-vai-disputar-o-senado","status":"publish","type":"post","link":"https:\/\/blogs2.correiobraziliense.com.br\/cbpoder\/dona-weslian-roriz-vai-disputar-o-senado\/","title":{"rendered":"Weslian Roriz vai disputar o Senado"},"content":{"rendered":"<p>ANA MARIA CAMPOS<\/p>\n<p>ANA VIRIATO<\/p>\n<p>A ex-primeira-dama Weslian Roriz (PMN) vai concorrer\u00a0a uma vaga de senadora. Ela n\u00e3o registrou hoje (15\/08) a candidatura na Justi\u00e7a Eleitoral, mas ainda vai entrar na chapa de Eliana Pedrosa (Pros). Um dos candidatos ao Senado inscritos deve desistir. Possivelmente ser\u00e1 Wallison Per\u00f4nico (PTB), mas n\u00e3o se descarta que o advogado Everardo Alves Ribeiro (PMN) renuncie \u00e0 candidatura e passe a ser o primeiro suplente de Dona Weslian.<\/p>\n<p>&nbsp;<\/p>\n<p>A mulher do ex-governador Joaquim Roriz ser\u00e1 uma grande aliada da ex-deputada Eliana Pedrosa (Pros) na corrida ao Pal\u00e1cio do Buriti. Na chapa, concorrem ainda o ex-deputado Al\u00edrio Neto (PTB) como candidato a vice-governador.<\/p>\n<p>&nbsp;<\/p>\n<p>N\u00e3o ser\u00e1 a primeira elei\u00e7\u00e3o de Dona Weslian. Ela foi candidata ao Pal\u00e1cio do Buriti em 2010, quando entrou na disputa em substitui\u00e7\u00e3o ao marido. Teve 449.110 votos, o correspondente a 33,90%, e perdeu a elei\u00e7\u00e3o no segundo turno para o petista Agnelo Queiroz.<\/p>\n<p>&nbsp;<\/p>\n<p>Naquela elei\u00e7\u00e3o, Roriz chegou a registrar a candidatura, mas a participa\u00e7\u00e3o se tornou invi\u00e1vel por decis\u00e3o judicial. A ren\u00fancia ao mandato de senador em 2007 o tornou ineleg\u00edvel por enquadramento na Lei da Ficha Limpa.<\/p>\n<p>&nbsp;<\/p>\n<p>Entre os herdeiros do cl\u00e3 Roriz, o neto do casal, Joaquim Roriz Neto (Pros), ser\u00e1 candidato a deputado federal.<\/p>\n<p>&nbsp;<\/p>\n<p>A deputada distrital Liliane Roriz (Pros) desistiu de tentar uma decis\u00e3o judicial que garantisse a sua elegibilidade.<\/p>\n<p>&nbsp;<\/p>\n<p>A ex-deputada federal Jaqueline Roriz (PMN) tamb\u00e9m est\u00e1 enquadrada na Lei da Ficha Limpa. Ela foi condenada em segunda inst\u00e2ncia por ato de improbidade administrativa em a\u00e7\u00e3o judicial da Opera\u00e7\u00e3o Caixa de Pandora.<\/p>\n<p>&nbsp;<\/p>\n","protected":false},"excerpt":{"rendered":"<p>ANA MARIA CAMPOS ANA VIRIATO A ex-primeira-dama Weslian Roriz (PMN) vai concorrer\u00a0a uma vaga de senadora. Ela n\u00e3o registrou hoje (15\/08) a candidatura na Justi\u00e7a Eleitoral, mas ainda vai entrar na chapa de Eliana Pedrosa (Pros). Um dos candidatos ao Senado inscritos deve desistir. Possivelmente ser\u00e1 Wallison Per\u00f4nico (PTB), mas n\u00e3o se descarta que o [&hellip;]<\/p>\n","protected":false},"author":9,"featured_media":12460,"comment_status":"open","ping_status":"closed","sticky":false,"template":"","format":"standard","meta":{"wpb_read_more":[],"footnotes":""},"categories":[234],"tags":[],"class_list":["post-12459","post","type-post","status-publish","format-standard","has-post-thumbnail","hentry","category-cb-poder"],"_links":{"self":[{"href":"https:\/\/blogs2.correiobraziliense.com.br\/cbpoder\/wp-json\/wp\/v2\/posts\/12459","targetHints":{"allow":["GET"]}}],"collection":[{"href":"https:\/\/blogs2.correiobraziliense.com.br\/cbpoder\/wp-json\/wp\/v2\/posts"}],"about":[{"href":"https:\/\/blogs2.correiobraziliense.com.br\/cbpoder\/wp-json\/wp\/v2\/types\/post"}],"author":[{"embeddable":true,"href":"https:\/\/blogs2.correiobraziliense.com.br\/cbpoder\/wp-json\/wp\/v2\/users\/9"}],"replies":[{"embeddable":true,"href":"https:\/\/blogs2.correiobraziliense.com.br\/cbpoder\/wp-json\/wp\/v2\/comments?post=12459"}],"version-history":[{"count":5,"href":"https:\/\/blogs2.correiobraziliense.com.br\/cbpoder\/wp-json\/wp\/v2\/posts\/12459\/revisions"}],"predecessor-version":[{"id":12468,"href":"https:\/\/blogs2.correiobraziliense.com.br\/cbpoder\/wp-json\/wp\/v2\/posts\/12459\/revisions\/12468"}],"wp:featuredmedia":[{"embeddable":true,"href":"https:\/\/blogs2.correiobraziliense.com.br\/cbpoder\/wp-json\/wp\/v2\/media\/12460"}],"wp:attachment":[{"href":"https:\/\/blogs2.correiobraziliense.com.br\/cbpoder\/wp-json\/wp\/v2\/media?parent=12459"}],"wp:term":[{"taxonomy":"category","embeddable":true,"href":"https:\/\/blogs2.correiobraziliense.com.br\/cbpoder\/wp-json\/wp\/v2\/categories?post=12459"},{"taxonomy":"post_tag","embeddable":true,"href":"https:\/\/blogs2.correiobraziliense.com.br\/cbpoder\/wp-json\/wp\/v2\/tags?post=12459"}],"curies":[{"name":"wp","href":"https:\/\/api.w.org\/{rel}","templated":true}]}}