{"id":12507,"date":"2018-08-17T12:55:13","date_gmt":"2018-08-17T15:55:13","guid":{"rendered":"https:\/\/blogs2.correiobraziliense.com.br\/cbpoder\/?p=12507"},"modified":"2018-08-17T11:20:05","modified_gmt":"2018-08-17T14:20:05","slug":"rollemberg-e-fraga-tem-preferencia-entre-os-eleitores-com-curso-superior","status":"publish","type":"post","link":"https:\/\/blogs2.correiobraziliense.com.br\/cbpoder\/rollemberg-e-fraga-tem-preferencia-entre-os-eleitores-com-curso-superior\/","title":{"rendered":"Rollemberg e Fraga t\u00eam a prefer\u00eancia entre os eleitores com curso superior"},"content":{"rendered":"<p>Entre os eleitores com curso superior, a ordem de prefer\u00eancia para o governo do DF \u00e9 a seguinte, segundo a pesquisa do Instituto Opini\u00e3o Pol\u00edtica: Rodrigo Rollemberg (11,4%), Alberto Fraga (9%), Rog\u00e9rio Rosso (8,2%), Eliana Pedrosa (7%), Alexandre Guerra, do Novo (6,6%), J\u00falio Miragaya, do PT (5%), F\u00e1tima Sousa, do PSol (4,5%), Paulo Chagas, do PRP (2,3%), Ibaneis Rocha, do MDB (1,6%), Ant\u00f4nio Guillen, do PSTU (1,6%) e Renan Rocha, do PCO (0%). Entre os que n\u00e3o sabem ainda em que votar, o percentual atinge 15,3%, mais do que a m\u00e9dia de 12,8%. Outros 27,4% n\u00e3o querem nenhum ou v\u00e3o votar em branco ou nulo. No geral, o patamar \u00e9 de 32,9%.<\/p>\n","protected":false},"excerpt":{"rendered":"<p>Entre os eleitores com curso superior, a ordem de prefer\u00eancia para o governo do DF \u00e9 a seguinte, segundo a pesquisa do Instituto Opini\u00e3o Pol\u00edtica: Rodrigo Rollemberg (11,4%), Alberto Fraga (9%), Rog\u00e9rio Rosso (8,2%), Eliana Pedrosa (7%), Alexandre Guerra, do Novo (6,6%), J\u00falio Miragaya, do PT (5%), F\u00e1tima Sousa, do PSol (4,5%), Paulo Chagas, do [&hellip;]<\/p>\n","protected":false},"author":9,"featured_media":0,"comment_status":"open","ping_status":"closed","sticky":false,"template":"","format":"standard","meta":{"wpb_read_more":[],"footnotes":""},"categories":[234],"tags":[],"class_list":["post-12507","post","type-post","status-publish","format-standard","hentry","category-cb-poder"],"_links":{"self":[{"href":"https:\/\/blogs2.correiobraziliense.com.br\/cbpoder\/wp-json\/wp\/v2\/posts\/12507","targetHints":{"allow":["GET"]}}],"collection":[{"href":"https:\/\/blogs2.correiobraziliense.com.br\/cbpoder\/wp-json\/wp\/v2\/posts"}],"about":[{"href":"https:\/\/blogs2.correiobraziliense.com.br\/cbpoder\/wp-json\/wp\/v2\/types\/post"}],"author":[{"embeddable":true,"href":"https:\/\/blogs2.correiobraziliense.com.br\/cbpoder\/wp-json\/wp\/v2\/users\/9"}],"replies":[{"embeddable":true,"href":"https:\/\/blogs2.correiobraziliense.com.br\/cbpoder\/wp-json\/wp\/v2\/comments?post=12507"}],"version-history":[{"count":1,"href":"https:\/\/blogs2.correiobraziliense.com.br\/cbpoder\/wp-json\/wp\/v2\/posts\/12507\/revisions"}],"predecessor-version":[{"id":12508,"href":"https:\/\/blogs2.correiobraziliense.com.br\/cbpoder\/wp-json\/wp\/v2\/posts\/12507\/revisions\/12508"}],"wp:attachment":[{"href":"https:\/\/blogs2.correiobraziliense.com.br\/cbpoder\/wp-json\/wp\/v2\/media?parent=12507"}],"wp:term":[{"taxonomy":"category","embeddable":true,"href":"https:\/\/blogs2.correiobraziliense.com.br\/cbpoder\/wp-json\/wp\/v2\/categories?post=12507"},{"taxonomy":"post_tag","embeddable":true,"href":"https:\/\/blogs2.correiobraziliense.com.br\/cbpoder\/wp-json\/wp\/v2\/tags?post=12507"}],"curies":[{"name":"wp","href":"https:\/\/api.w.org\/{rel}","templated":true}]}}