{"id":12519,"date":"2018-08-21T11:26:42","date_gmt":"2018-08-21T14:26:42","guid":{"rendered":"https:\/\/blogs2.correiobraziliense.com.br\/cbpoder\/?p=12519"},"modified":"2018-08-21T11:26:42","modified_gmt":"2018-08-21T14:26:42","slug":"com-proposta-de-mandato-coletivo-psol-quer-eleger-quatro-deputados-para-uma-vaga-de-distrital","status":"publish","type":"post","link":"https:\/\/blogs2.correiobraziliense.com.br\/cbpoder\/com-proposta-de-mandato-coletivo-psol-quer-eleger-quatro-deputados-para-uma-vaga-de-distrital\/","title":{"rendered":"Com proposta de mandato coletivo, PSol quer eleger quatro deputados para uma vaga de distrital"},"content":{"rendered":"<p>Uma das candidaturas do PSol \u00e0 C\u00e2mara Legislativa \u00e9 intitulada \u201cMandato Coletivo\u201d. O eleitor vota em um e elege quatro. Um grupo se uniu para uma campanha compartilhada. Na urna, n\u00e3o aparecem nomes, tampouco a foto.<\/p>\n<p>&nbsp;<\/p>\n<p>S\u00e3o quatro militantes: Thiago \u00c1vila, N\u00e1dia N\u00e1dila, Airy Galv\u00e3o e Eduardo Borges, que representam lutas sociais, como meio ambiente, a causa ind\u00edgena, defesa dos direitos das mulheres e dos negros e moradia. Borges \u00e9 um dos coordenadores nacionais do Movimento dos Trabalhadores Sem-Teto, como Guilherme Boulos, o candidato do PSol \u00e0 Presid\u00eancia da Rep\u00fablica.<\/p>\n<p>&nbsp;<\/p>\n<p>No pedido de registro, aparece o nome do Thiago, mas ele explica que todo o mandato ser\u00e1 dividido, incluindo as decis\u00f5es, participa\u00e7\u00f5es em sess\u00f5es e em discursos na tribuna e nas comiss\u00f5es da C\u00e2mara Legislativa. O sal\u00e1rio tamb\u00e9m ser\u00e1 fatiado. \u201cN\u00e3o haver\u00e1 aumento de despesas e vamos trabalhar em grupo\u201d, conta Thiago, que \u00e9 socioambientalista.<\/p>\n","protected":false},"excerpt":{"rendered":"<p>Uma das candidaturas do PSol \u00e0 C\u00e2mara Legislativa \u00e9 intitulada \u201cMandato Coletivo\u201d. O eleitor vota em um e elege quatro. Um grupo se uniu para uma campanha compartilhada. Na urna, n\u00e3o aparecem nomes, tampouco a foto. &nbsp; S\u00e3o quatro militantes: Thiago \u00c1vila, N\u00e1dia N\u00e1dila, Airy Galv\u00e3o e Eduardo Borges, que representam lutas sociais, como meio [&hellip;]<\/p>\n","protected":false},"author":9,"featured_media":12520,"comment_status":"open","ping_status":"closed","sticky":false,"template":"","format":"standard","meta":{"wpb_read_more":[],"footnotes":""},"categories":[234],"tags":[],"class_list":["post-12519","post","type-post","status-publish","format-standard","has-post-thumbnail","hentry","category-cb-poder"],"_links":{"self":[{"href":"https:\/\/blogs2.correiobraziliense.com.br\/cbpoder\/wp-json\/wp\/v2\/posts\/12519","targetHints":{"allow":["GET"]}}],"collection":[{"href":"https:\/\/blogs2.correiobraziliense.com.br\/cbpoder\/wp-json\/wp\/v2\/posts"}],"about":[{"href":"https:\/\/blogs2.correiobraziliense.com.br\/cbpoder\/wp-json\/wp\/v2\/types\/post"}],"author":[{"embeddable":true,"href":"https:\/\/blogs2.correiobraziliense.com.br\/cbpoder\/wp-json\/wp\/v2\/users\/9"}],"replies":[{"embeddable":true,"href":"https:\/\/blogs2.correiobraziliense.com.br\/cbpoder\/wp-json\/wp\/v2\/comments?post=12519"}],"version-history":[{"count":1,"href":"https:\/\/blogs2.correiobraziliense.com.br\/cbpoder\/wp-json\/wp\/v2\/posts\/12519\/revisions"}],"predecessor-version":[{"id":12521,"href":"https:\/\/blogs2.correiobraziliense.com.br\/cbpoder\/wp-json\/wp\/v2\/posts\/12519\/revisions\/12521"}],"wp:featuredmedia":[{"embeddable":true,"href":"https:\/\/blogs2.correiobraziliense.com.br\/cbpoder\/wp-json\/wp\/v2\/media\/12520"}],"wp:attachment":[{"href":"https:\/\/blogs2.correiobraziliense.com.br\/cbpoder\/wp-json\/wp\/v2\/media?parent=12519"}],"wp:term":[{"taxonomy":"category","embeddable":true,"href":"https:\/\/blogs2.correiobraziliense.com.br\/cbpoder\/wp-json\/wp\/v2\/categories?post=12519"},{"taxonomy":"post_tag","embeddable":true,"href":"https:\/\/blogs2.correiobraziliense.com.br\/cbpoder\/wp-json\/wp\/v2\/tags?post=12519"}],"curies":[{"name":"wp","href":"https:\/\/api.w.org\/{rel}","templated":true}]}}