{"id":12570,"date":"2018-08-23T15:06:08","date_gmt":"2018-08-23T18:06:08","guid":{"rendered":"https:\/\/blogs2.correiobraziliense.com.br\/cbpoder\/?p=12570"},"modified":"2018-08-23T15:06:08","modified_gmt":"2018-08-23T18:06:08","slug":"cuidem-dessa-joia-diz-ciro-gomes-sobre-rollemberg","status":"publish","type":"post","link":"https:\/\/blogs2.correiobraziliense.com.br\/cbpoder\/cuidem-dessa-joia-diz-ciro-gomes-sobre-rollemberg\/","title":{"rendered":"&#8220;Cuidem dessa joia&#8221;, diz Ciro Gomes sobre Rollemberg"},"content":{"rendered":"<p>Com direito a som de forr\u00f3 p\u00e9 de serra e a galinhada para o almo\u00e7o, o governador Rodrigo Rollemberg (PSB), postulante \u00e0 reelei\u00e7\u00e3o, e o presidenci\u00e1vel Ciro Gomes (PDT) realizaram, nesta quinta-feira (23\/08), o primeiro ato conjunto de campanha. O pedetista, que estava com viagem agendada para Mato Grosso do Sul, permaneceu por pouco tempo no encontro, realizado na Feira de Ceil\u00e2ndia. O chefe do Pal\u00e1cio do Buriti, por sua vez, investiu no corpo a corpo, percorrendo as bancas do local por cerca de 40 minutos. O socialista, no entanto, n\u00e3o fez promessas eleitorais.<\/p>\n<p>&nbsp;<\/p>\n<p>Ciro e Rollemberg aproveitaram o almo\u00e7o para trocar afagos. Apesar da resist\u00eancia do PDT-DF ao nome do governador, o presidenci\u00e1vel rasgou elogios ao socialista. &#8220;Cuidem dessa joia. N\u00e3o est\u00e1 sobrando homem como Rodrigo. Cuidem desse tesouro, pois faltam gestores como ele. Lembrem da cidade antes de o Rodrigo entrar. O DF estava todos os dias nas p\u00e1ginas policiais e os pol\u00edticos, envolvidos nos esc\u00e2ndalos de corrup\u00e7\u00e3o\u201d, discursou.<\/p>\n<p>&nbsp;<\/p>\n<p>O socialista, que garantiu palanque eleitoral a Ciro, apesar da falta de alinhamento nacional entre PSB e PDT, o classificou como o candidato ao Planalto &#8220;que melhor conhece o Brasil&#8221;. &#8220;O pa\u00eds precisa resgatar a pol\u00edtica como um instrumento para fazer as pessoas mais felizes, construir alternativas e solu\u00e7\u00f5es. Voc\u00ea, com toda a experi\u00eancia, \u00e9 uma esperan\u00e7a&#8221;, disse.<\/p>\n<p>&nbsp;<\/p>\n<p>O governador ainda ressaltou os feitos da gest\u00e3o em Ceil\u00e2ndia. &#8220;Quando assumimos, o Sol Nascente era uma das maiores favelas do pa\u00eds. Entramos colocando asfalto, esgoto, unidade b\u00e1sica de sa\u00fade&#8221;, lembrou. Dias antes da proibi\u00e7\u00e3o eleitoral \u00e0 presen\u00e7a de candidatos em inaugura\u00e7\u00f5es, o governo entregou as obras de infraestrutura do Trecho 1 do bairro. Entre as a\u00e7\u00f5es para a implanta\u00e7\u00e3o de redes de drenagem, pavimenta\u00e7\u00e3o e meio-fio, foram investidos cerca de R$ 58,8 milh\u00f5es.<\/p>\n<p>&nbsp;<\/p>\n<p>Rollemberg n\u00e3o enfrentou resist\u00eancia durante a caminhada pela feira. Contudo, integrantes da Comiss\u00e3o dos Aprovados no concurso da Secretaria da Crian\u00e7a, realizado em 2015, reivindicaram as nomea\u00e7\u00f5es de especialistas e t\u00e9cnicos socioeducativos.<\/p>\n<p>&nbsp;<\/p>\n<p><strong>Candidatos<\/strong><\/p>\n<p>Apesar da presen\u00e7a de Ciro Gomes na capital, poucos foram os integrantes da Executiva Regional do PDT que compareceram \u00e0 Feira de Ceil\u00e2ndia. Entre os principais candidatos da legenda, apenas o distrital Reginaldo Veras marcou presen\u00e7a. O parlamentar, no entanto, n\u00e3o sentou \u00e0 mesa com o governador e o presidenci\u00e1vel.<\/p>\n<p>&nbsp;<\/p>\n<p>Entre os socialistas, acompanharam Rollemberg a distrital Luzia de Paula, que tentar\u00e1 a reelei\u00e7\u00e3o, a postulante ao Senado, Leila do V\u00f4lei, e a aposta do PSB a deputada federal, Maria de Lourdes Abadia. Candidatos \u00e0 vice-governadoria e ao Senado, Eduardo Brand\u00e3o (PV) e Chico Leite (Rede) n\u00e3o apareceram &#8211; os dois fazem palanque para a presidenci\u00e1vel Marina Silva (Rede).<\/p>\n","protected":false},"excerpt":{"rendered":"<p>Com direito a som de forr\u00f3 p\u00e9 de serra e a galinhada para o almo\u00e7o, o governador Rodrigo Rollemberg (PSB), postulante \u00e0 reelei\u00e7\u00e3o, e o presidenci\u00e1vel Ciro Gomes (PDT) realizaram, nesta quinta-feira (23\/08), o primeiro ato conjunto de campanha. O pedetista, que estava com viagem agendada para Mato Grosso do Sul, permaneceu por pouco tempo [&hellip;]<\/p>\n","protected":false},"author":90,"featured_media":12571,"comment_status":"open","ping_status":"closed","sticky":false,"template":"","format":"standard","meta":{"wpb_read_more":[],"footnotes":""},"categories":[234],"tags":[],"class_list":["post-12570","post","type-post","status-publish","format-standard","has-post-thumbnail","hentry","category-cb-poder"],"_links":{"self":[{"href":"https:\/\/blogs2.correiobraziliense.com.br\/cbpoder\/wp-json\/wp\/v2\/posts\/12570","targetHints":{"allow":["GET"]}}],"collection":[{"href":"https:\/\/blogs2.correiobraziliense.com.br\/cbpoder\/wp-json\/wp\/v2\/posts"}],"about":[{"href":"https:\/\/blogs2.correiobraziliense.com.br\/cbpoder\/wp-json\/wp\/v2\/types\/post"}],"author":[{"embeddable":true,"href":"https:\/\/blogs2.correiobraziliense.com.br\/cbpoder\/wp-json\/wp\/v2\/users\/90"}],"replies":[{"embeddable":true,"href":"https:\/\/blogs2.correiobraziliense.com.br\/cbpoder\/wp-json\/wp\/v2\/comments?post=12570"}],"version-history":[{"count":1,"href":"https:\/\/blogs2.correiobraziliense.com.br\/cbpoder\/wp-json\/wp\/v2\/posts\/12570\/revisions"}],"predecessor-version":[{"id":12572,"href":"https:\/\/blogs2.correiobraziliense.com.br\/cbpoder\/wp-json\/wp\/v2\/posts\/12570\/revisions\/12572"}],"wp:featuredmedia":[{"embeddable":true,"href":"https:\/\/blogs2.correiobraziliense.com.br\/cbpoder\/wp-json\/wp\/v2\/media\/12571"}],"wp:attachment":[{"href":"https:\/\/blogs2.correiobraziliense.com.br\/cbpoder\/wp-json\/wp\/v2\/media?parent=12570"}],"wp:term":[{"taxonomy":"category","embeddable":true,"href":"https:\/\/blogs2.correiobraziliense.com.br\/cbpoder\/wp-json\/wp\/v2\/categories?post=12570"},{"taxonomy":"post_tag","embeddable":true,"href":"https:\/\/blogs2.correiobraziliense.com.br\/cbpoder\/wp-json\/wp\/v2\/tags?post=12570"}],"curies":[{"name":"wp","href":"https:\/\/api.w.org\/{rel}","templated":true}]}}