{"id":12585,"date":"2018-08-24T11:14:33","date_gmt":"2018-08-24T14:14:33","guid":{"rendered":"https:\/\/blogs2.correiobraziliense.com.br\/cbpoder\/?p=12585"},"modified":"2018-08-24T11:14:33","modified_gmt":"2018-08-24T14:14:33","slug":"clima-esquenta-entre-eliana-e-rogerio-rosso-nos-bastidores-da-campanha","status":"publish","type":"post","link":"https:\/\/blogs2.correiobraziliense.com.br\/cbpoder\/clima-esquenta-entre-eliana-e-rogerio-rosso-nos-bastidores-da-campanha\/","title":{"rendered":"Clima esquenta entre Eliana e Rog\u00e9rio Rosso nos bastidores da campanha"},"content":{"rendered":"<p>No primeiro pelot\u00e3o da disputa para chegar ao segundo turno, Eliana Pedrosa (Pros) e Rog\u00e9rio Rosso (PSD) est\u00e3o trombando. H\u00e1 risco de atropelamentos. Nos bastidores, as campanhas dos dois candidatos que est\u00e3o tecnicamente empatados na lideran\u00e7a, ao lado do governador Rodrigo Rollemberg (PSB), atribuem-se mutuamente baixarias, ataques pessoais e cr\u00edticas ap\u00f3crifas, por meio de v\u00eddeos e memes, que circulam nas redes sociais. Eliana e Rog\u00e9rio Rosso est\u00e3o na corrida em busca de um eleitorado semelhante, de centro-direita e descontente com o governo Rollemberg.<\/p>\n<p>&nbsp;<\/p>\n<p>O rancor est\u00e1 t\u00e3o forte que ser\u00e1 dif\u00edcil unir as duas campanhas numa eventual alian\u00e7a no futuro. E tudo pode piorar nos embates entre os dois candidatos. H\u00e1 possibilidade de eles disputarem o segundo turno, se um n\u00e3o derrubar o outro.<\/p>\n<p>&nbsp;<\/p>\n<p><strong>Escudo para ataques diretos<\/strong><br \/>\nA ex-deputada Eliana Pedrosa (Pros) diz que prefere ataques diretos, que pode responder, como a cr\u00edtica do advers\u00e1rio Ibaneis Rocha (MDB), que a acusou de explorar trabalhadores, em entrevista na \u00faltima segunda-feira, no programa CB.Poder.<\/p>\n<p>&nbsp;<\/p>\n<p><strong>Contra o submundo<\/strong><br \/>\nJ\u00e1 Rog\u00e9rio Rosso (PSD) gravou um v\u00eddeo e distribuiu nas redes sociais em que comentou o desempenho nas pesquisas e afirmou, sem citar nomes, ser alvo do submundo e da &#8220;turma do mal&#8221;. E disse: &#8220;Vamos ficar atentos \u00e0s suas maldades&#8221;.<\/p>\n","protected":false},"excerpt":{"rendered":"<p>No primeiro pelot\u00e3o da disputa para chegar ao segundo turno, Eliana Pedrosa (Pros) e Rog\u00e9rio Rosso (PSD) est\u00e3o trombando. H\u00e1 risco de atropelamentos. Nos bastidores, as campanhas dos dois candidatos que est\u00e3o tecnicamente empatados na lideran\u00e7a, ao lado do governador Rodrigo Rollemberg (PSB), atribuem-se mutuamente baixarias, ataques pessoais e cr\u00edticas ap\u00f3crifas, por meio de v\u00eddeos [&hellip;]<\/p>\n","protected":false},"author":9,"featured_media":12586,"comment_status":"open","ping_status":"closed","sticky":false,"template":"","format":"standard","meta":{"wpb_read_more":[],"footnotes":""},"categories":[234],"tags":[],"class_list":["post-12585","post","type-post","status-publish","format-standard","has-post-thumbnail","hentry","category-cb-poder"],"_links":{"self":[{"href":"https:\/\/blogs2.correiobraziliense.com.br\/cbpoder\/wp-json\/wp\/v2\/posts\/12585","targetHints":{"allow":["GET"]}}],"collection":[{"href":"https:\/\/blogs2.correiobraziliense.com.br\/cbpoder\/wp-json\/wp\/v2\/posts"}],"about":[{"href":"https:\/\/blogs2.correiobraziliense.com.br\/cbpoder\/wp-json\/wp\/v2\/types\/post"}],"author":[{"embeddable":true,"href":"https:\/\/blogs2.correiobraziliense.com.br\/cbpoder\/wp-json\/wp\/v2\/users\/9"}],"replies":[{"embeddable":true,"href":"https:\/\/blogs2.correiobraziliense.com.br\/cbpoder\/wp-json\/wp\/v2\/comments?post=12585"}],"version-history":[{"count":1,"href":"https:\/\/blogs2.correiobraziliense.com.br\/cbpoder\/wp-json\/wp\/v2\/posts\/12585\/revisions"}],"predecessor-version":[{"id":12587,"href":"https:\/\/blogs2.correiobraziliense.com.br\/cbpoder\/wp-json\/wp\/v2\/posts\/12585\/revisions\/12587"}],"wp:featuredmedia":[{"embeddable":true,"href":"https:\/\/blogs2.correiobraziliense.com.br\/cbpoder\/wp-json\/wp\/v2\/media\/12586"}],"wp:attachment":[{"href":"https:\/\/blogs2.correiobraziliense.com.br\/cbpoder\/wp-json\/wp\/v2\/media?parent=12585"}],"wp:term":[{"taxonomy":"category","embeddable":true,"href":"https:\/\/blogs2.correiobraziliense.com.br\/cbpoder\/wp-json\/wp\/v2\/categories?post=12585"},{"taxonomy":"post_tag","embeddable":true,"href":"https:\/\/blogs2.correiobraziliense.com.br\/cbpoder\/wp-json\/wp\/v2\/tags?post=12585"}],"curies":[{"name":"wp","href":"https:\/\/api.w.org\/{rel}","templated":true}]}}