{"id":12597,"date":"2018-08-24T17:21:07","date_gmt":"2018-08-24T20:21:07","guid":{"rendered":"https:\/\/blogs2.correiobraziliense.com.br\/cbpoder\/?p=12597"},"modified":"2018-08-24T17:21:07","modified_gmt":"2018-08-24T20:21:07","slug":"para-diminuir-preco-do-gas-rosso-pretende-reativar-gasoduto-e-investir-em-transporte-ferroviario","status":"publish","type":"post","link":"https:\/\/blogs2.correiobraziliense.com.br\/cbpoder\/para-diminuir-preco-do-gas-rosso-pretende-reativar-gasoduto-e-investir-em-transporte-ferroviario\/","title":{"rendered":"Para diminuir pre\u00e7o do g\u00e1s, Rosso pretende reativar gasoduto e investir em transporte ferrovi\u00e1rio"},"content":{"rendered":"<p>Pedro Grigori<\/p>\n<p>&nbsp;<\/p>\n<p><span style=\"font-weight: 400\">O debate sobre solu\u00e7\u00f5es para problemas identificados nos setores cultural e econ\u00f4mico do DF fez parte da agenda do candidato do PSD ao Buriti, Rog\u00e9rio Rosso, nesta sexta-feira (24\/8). Durante a manh\u00e3, o postulante ao GDF participou de reuni\u00e3o com representantes da Associa\u00e7\u00e3o Brasiliense das Empresas de G\u00e1s (Abrasg\u00e1s). Al\u00e9m de ouvir reivindica\u00e7\u00f5es sobre a regulariza\u00e7\u00e3o das atividades do setor, o candidato elencou a\u00e7\u00f5es para diminuir o pre\u00e7o do botij\u00e3o de g\u00e1s ainda no come\u00e7o de um eventual governo. <\/span><\/p>\n<p>&nbsp;<\/p>\n<blockquote><p><span style=\"font-weight: 400\">Para isso, Rosso pretende diminuir os gastos com o transporte rodovi\u00e1rio. \u201cMetade do g\u00e1s usado no DF vem de Goi\u00e2nia, e a outra parte de Paulina (SP). Sempre por caminh\u00f5es. Com o gasoduto de Bras\u00edlia funcionando ou utilizando a linha de trem do DF, j\u00e1 reduzimos em at\u00e9 30% o custo do transporte, o que impactaria na ponta, diminuindo o pre\u00e7o do g\u00e1s para as fam\u00edlias do DF\u201d, afirmou. <\/span><\/p>\n<p>&nbsp;<\/p><\/blockquote>\n<p><span style=\"font-weight: 400\">No come\u00e7o da tarde, Rosso almo\u00e7ou no restaurante Buddy, na 413 Sul, com representantes do setor cultural. O projeto de lei que pretende alterar o texto da Lei do Sil\u00eancio, discutido na C\u00e2mara Legislativa desde 2015, esteve na mesa. \u201cEu sou m\u00fasico, ent\u00e3o \u00e9 importante dizer que existem tecnologias de isolamento de som que fazem com que n\u00e3o vaze nada de barulho para fora\u201d, afirmou. Contudo, o postulante do PSD ao Buriti destacou a import\u00e2ncia de estimular o setor cultural na capital federal. \u201cN\u00e3o temos um setor espec\u00edfico para entretenimento e shows. Precisamos criar um ou estimular que um setor j\u00e1 existente crie possibilidade de diversas atividades culturais\u201d, explicou. <\/span><\/p>\n<p>&nbsp;<\/p>\n<h2><b>Impeachment <\/b><\/h2>\n<p>&nbsp;<\/p>\n<p><span style=\"font-weight: 400\">Nesta quinta-feira, o senador Cristovam Buarque (PPS) sofreu cr\u00edticas durante caminhada da campanha de Rog\u00e9rio Rosso no Setor Comercial Sul (SCS). Hoje, a agenda de Rosso foi, em grande parte, entre quatro paredes, mas o postulante do PSD ao GDF garante que a discuss\u00e3o de Cristovam foi um fato isolado e que toda a equipe vem sendo bem recebida por onde passa. <\/span><\/p>\n<p>&nbsp;<\/p>\n<p><span style=\"font-weight: 400\"><a href=\"https:\/\/www.youtube.com\/watch?v=-Z1JFCfz5uk\">Um manifestante pr\u00f3-Lula chamou o senador de \u201cgolpista\u201d e de \u201ctraidor\u201d<\/a>. Cristovam votou a favor do impeachment da ex-presidente Dilma Rousseff (PT), e Rosso presidiu da comiss\u00e3o especial do processo que culminou no afastamento da petista. \u201cO impeachment teve o respaldo do Supremo Tribunal Federal, que manteve todas as decis\u00f5es da C\u00e2mara (dos Vereadores) e do Senado. A constitui\u00e7\u00e3o foi cumprida, n\u00e3o entendo que golpe \u00e9 esse\u201d, afirmou Rosso, que ainda destacou que PT e MDB est\u00e3o juntos em campanhas majorit\u00e1rias em diversos estados.<\/span><\/p>\n","protected":false},"excerpt":{"rendered":"<p>Pedro Grigori &nbsp; O debate sobre solu\u00e7\u00f5es para problemas identificados nos setores cultural e econ\u00f4mico do DF fez parte da agenda do candidato do PSD ao Buriti, Rog\u00e9rio Rosso, nesta sexta-feira (24\/8). Durante a manh\u00e3, o postulante ao GDF participou de reuni\u00e3o com representantes da Associa\u00e7\u00e3o Brasiliense das Empresas de G\u00e1s (Abrasg\u00e1s). Al\u00e9m de ouvir [&hellip;]<\/p>\n","protected":false},"author":90,"featured_media":12598,"comment_status":"open","ping_status":"closed","sticky":false,"template":"","format":"standard","meta":{"wpb_read_more":[],"footnotes":""},"categories":[234],"tags":[1380,807,387,1445,258],"class_list":["post-12597","post","type-post","status-publish","format-standard","has-post-thumbnail","hentry","category-cb-poder","tag-candidato-gdf","tag-eleicoes-2018","tag-palacio-do-buriti","tag-preco-do-gas","tag-rogerio-rosso"],"_links":{"self":[{"href":"https:\/\/blogs2.correiobraziliense.com.br\/cbpoder\/wp-json\/wp\/v2\/posts\/12597","targetHints":{"allow":["GET"]}}],"collection":[{"href":"https:\/\/blogs2.correiobraziliense.com.br\/cbpoder\/wp-json\/wp\/v2\/posts"}],"about":[{"href":"https:\/\/blogs2.correiobraziliense.com.br\/cbpoder\/wp-json\/wp\/v2\/types\/post"}],"author":[{"embeddable":true,"href":"https:\/\/blogs2.correiobraziliense.com.br\/cbpoder\/wp-json\/wp\/v2\/users\/90"}],"replies":[{"embeddable":true,"href":"https:\/\/blogs2.correiobraziliense.com.br\/cbpoder\/wp-json\/wp\/v2\/comments?post=12597"}],"version-history":[{"count":1,"href":"https:\/\/blogs2.correiobraziliense.com.br\/cbpoder\/wp-json\/wp\/v2\/posts\/12597\/revisions"}],"predecessor-version":[{"id":12599,"href":"https:\/\/blogs2.correiobraziliense.com.br\/cbpoder\/wp-json\/wp\/v2\/posts\/12597\/revisions\/12599"}],"wp:featuredmedia":[{"embeddable":true,"href":"https:\/\/blogs2.correiobraziliense.com.br\/cbpoder\/wp-json\/wp\/v2\/media\/12598"}],"wp:attachment":[{"href":"https:\/\/blogs2.correiobraziliense.com.br\/cbpoder\/wp-json\/wp\/v2\/media?parent=12597"}],"wp:term":[{"taxonomy":"category","embeddable":true,"href":"https:\/\/blogs2.correiobraziliense.com.br\/cbpoder\/wp-json\/wp\/v2\/categories?post=12597"},{"taxonomy":"post_tag","embeddable":true,"href":"https:\/\/blogs2.correiobraziliense.com.br\/cbpoder\/wp-json\/wp\/v2\/tags?post=12597"}],"curies":[{"name":"wp","href":"https:\/\/api.w.org\/{rel}","templated":true}]}}