{"id":12673,"date":"2018-08-30T14:28:12","date_gmt":"2018-08-30T17:28:12","guid":{"rendered":"https:\/\/blogs2.correiobraziliense.com.br\/cbpoder\/?p=12673"},"modified":"2018-08-30T16:01:28","modified_gmt":"2018-08-30T19:01:28","slug":"rollemberg-visita-expansao-de-samambaia","status":"publish","type":"post","link":"https:\/\/blogs2.correiobraziliense.com.br\/cbpoder\/rollemberg-visita-expansao-de-samambaia\/","title":{"rendered":"Rollemberg visita a expans\u00e3o de Samambaia e anuncia regulariza\u00e7\u00e3o"},"content":{"rendered":"<p>O governador Rodrigo Rollemberg (PSB), candidato \u00e0 reelei\u00e7\u00e3o, peregrinou, nesta quinta-feira (30\/08), pela expans\u00e3o de Samambaia, \u00e1rea carente da cidade, em busca de votos. Aos moradores, assegurou que, se eleito, promover\u00e1 a regulariza\u00e7\u00e3o fundi\u00e1ria e entregar\u00e1 duas esta\u00e7\u00f5es de metr\u00f4, as quais ficar\u00e3o a poucos quil\u00f4metros da regi\u00e3o \u2014 o processo licitat\u00f3rio para as obras deve ser lan\u00e7ado ainda neste ano.<\/p>\n<p>&nbsp;<\/p>\n<p>A caminhada entre as quadras 431 e 829 de Samambaia durou cerca de duas horas. No percurso, o socialista ouviu cr\u00edticas relativas \u00e0 falta de unidades de educa\u00e7\u00e3o na regi\u00e3o e \u00e0 precariedade do sistema de sa\u00fade. Prometeu,\u00a0por exemplo, uma nova unidade b\u00e1sica de sa\u00fade na cidade, que j\u00e1 passa por licita\u00e7\u00e3o.<\/p>\n<p>&nbsp;<\/p>\n<p>Sobre a regulariza\u00e7\u00e3o fundi\u00e1ria, o chefe do Pal\u00e1cio do Buriti informou que mant\u00e9m conversas com lideran\u00e7as locais para encaminhar o processo. Ele, inclusive, tem reuni\u00e3o agendada para esta sexta-feira para tratar da pol\u00edtica habitacional da regi\u00e3o.<\/p>\n<p>&nbsp;<\/p>\n<p>A prioridade, segundo Rollemberg, \u00e9 regulamentar a situa\u00e7\u00e3o dos moradores que residem no chamado &#8220;Morro do Sab\u00e3o&#8221;, que concentra os\u00a0conjuntos 11 e 12 da QR 629, os conjuntos 11 e 12 da\u00a0QR 631 e o conjunto 4 da QR 831. A ideia inicial \u00e9 conceder a titularidade dos lotes \u00e0 maioria das fam\u00edlias e realocar as mais vulner\u00e1veis. O modelo de a\u00e7\u00e3o, entretanto, ainda passa por estudos internos. &#8220;Como se trata de regulariza\u00e7\u00e3o de interesse social, o processo ser\u00e1 conduzido pela Companhia Habitacional do DF e as pessoas receber\u00e3o a moradia de forma gratuita&#8221;, explicou o socialista.<\/p>\n<p>&nbsp;<\/p>\n<p><strong>Metr\u00f4<\/strong><\/p>\n<p>A expans\u00e3o do metr\u00f4 em Samambaia foi anunciada pelo governo local em janeiro deste ano. O projeto completo, que inclui a moderniza\u00e7\u00e3o do sistema, prev\u00ea investimentos de cerca de R$ 315 milh\u00f5es \u2014 R$ 275 milh\u00f5es provenientes do or\u00e7amento-geral da Uni\u00e3o e R$ 40 milh\u00f5es do GDF.<\/p>\n<p>&nbsp;<\/p>\n<p>As novas esta\u00e7\u00f5es ser\u00e3o constru\u00eddas nas quadras 111, pr\u00f3ximo \u00e0 Feira Livre, e 117, ao lado da Vila Ol\u00edmpica Rei Pel\u00e9.\u00a0&#8220;Ser\u00e3o 3,8 km quil\u00f4metros de metr\u00f4 que v\u00e3o melhorar muito a qualidade da mobilidade urbana de quem mora em Samambaia&#8221;, disse Rollemberg.<\/p>\n<p>&nbsp;<\/p>\n<p>O chefe do Executivo local ainda prometeu creches. &#8220;Entregamos seis creches em Samambaia. H\u00e1 tr\u00eas prontas para a inaugura\u00e7\u00e3o e mais tr\u00eas em contru\u00e7\u00e3o. No nosso projeto, h\u00e1 previs\u00e3o de outras seis&#8221;. Rollemberg tamb\u00e9m exaltou feitos da gest\u00e3o. &#8220;Realizamos toda a rede de esgoto da Expans\u00e3o e inauguramos dois terminais de \u00f4nibus&#8221;, lembrou. O governador anunciou que, nos pr\u00f3ximos dias, o GDF vai abrir as portas do Complexo Cultural da cidade.<\/p>\n","protected":false},"excerpt":{"rendered":"<p>O governador Rodrigo Rollemberg (PSB), candidato \u00e0 reelei\u00e7\u00e3o, peregrinou, nesta quinta-feira (30\/08), pela expans\u00e3o de Samambaia, \u00e1rea carente da cidade, em busca de votos. Aos moradores, assegurou que, se eleito, promover\u00e1 a regulariza\u00e7\u00e3o fundi\u00e1ria e entregar\u00e1 duas esta\u00e7\u00f5es de metr\u00f4, as quais ficar\u00e3o a poucos quil\u00f4metros da regi\u00e3o \u2014 o processo licitat\u00f3rio para as obras [&hellip;]<\/p>\n","protected":false},"author":90,"featured_media":12674,"comment_status":"open","ping_status":"closed","sticky":false,"template":"","format":"standard","meta":{"wpb_read_more":[],"footnotes":""},"categories":[234],"tags":[],"class_list":["post-12673","post","type-post","status-publish","format-standard","has-post-thumbnail","hentry","category-cb-poder"],"_links":{"self":[{"href":"https:\/\/blogs2.correiobraziliense.com.br\/cbpoder\/wp-json\/wp\/v2\/posts\/12673","targetHints":{"allow":["GET"]}}],"collection":[{"href":"https:\/\/blogs2.correiobraziliense.com.br\/cbpoder\/wp-json\/wp\/v2\/posts"}],"about":[{"href":"https:\/\/blogs2.correiobraziliense.com.br\/cbpoder\/wp-json\/wp\/v2\/types\/post"}],"author":[{"embeddable":true,"href":"https:\/\/blogs2.correiobraziliense.com.br\/cbpoder\/wp-json\/wp\/v2\/users\/90"}],"replies":[{"embeddable":true,"href":"https:\/\/blogs2.correiobraziliense.com.br\/cbpoder\/wp-json\/wp\/v2\/comments?post=12673"}],"version-history":[{"count":3,"href":"https:\/\/blogs2.correiobraziliense.com.br\/cbpoder\/wp-json\/wp\/v2\/posts\/12673\/revisions"}],"predecessor-version":[{"id":12695,"href":"https:\/\/blogs2.correiobraziliense.com.br\/cbpoder\/wp-json\/wp\/v2\/posts\/12673\/revisions\/12695"}],"wp:featuredmedia":[{"embeddable":true,"href":"https:\/\/blogs2.correiobraziliense.com.br\/cbpoder\/wp-json\/wp\/v2\/media\/12674"}],"wp:attachment":[{"href":"https:\/\/blogs2.correiobraziliense.com.br\/cbpoder\/wp-json\/wp\/v2\/media?parent=12673"}],"wp:term":[{"taxonomy":"category","embeddable":true,"href":"https:\/\/blogs2.correiobraziliense.com.br\/cbpoder\/wp-json\/wp\/v2\/categories?post=12673"},{"taxonomy":"post_tag","embeddable":true,"href":"https:\/\/blogs2.correiobraziliense.com.br\/cbpoder\/wp-json\/wp\/v2\/tags?post=12673"}],"curies":[{"name":"wp","href":"https:\/\/api.w.org\/{rel}","templated":true}]}}