{"id":12781,"date":"2018-09-04T17:08:40","date_gmt":"2018-09-04T20:08:40","guid":{"rendered":"https:\/\/blogs2.correiobraziliense.com.br\/cbpoder\/?p=12781"},"modified":"2018-09-04T17:08:40","modified_gmt":"2018-09-04T20:08:40","slug":"apos-acidente-de-bicicleta-arruda-deve-deixar-uti-nesta-terca-feira","status":"publish","type":"post","link":"https:\/\/blogs2.correiobraziliense.com.br\/cbpoder\/apos-acidente-de-bicicleta-arruda-deve-deixar-uti-nesta-terca-feira\/","title":{"rendered":"Ap\u00f3s acidente de bicicleta, Arruda deixar\u00e1 UTI nesta ter\u00e7a-feira"},"content":{"rendered":"<p>O ex-governador Jos\u00e9 Roberto Arruda (PR) deixar\u00e1 a unidade de terapia intensiva (UTI) do Hospital Santa L\u00facia nesta ter\u00e7a-feira (04\/09), de acordo com boletim m\u00e9dico emitido \u00e0s 14h30 e divulgado pela assessoria de imprensa do centro hospitalar.<\/p>\n<p>&nbsp;<\/p>\n<p><span style=\"font-weight: 400\">Arruda est\u00e1 internado desde a manh\u00e3 desta segunda-feira, quando sofreu um acidente de bicicleta. Ele perdeu o controle do ve\u00edculo e caiu enquanto fazia um passeio, em \u00c1guas Claras. O pol\u00edtico teve escoria\u00e7\u00f5es pelo corpo e sofreu um hematoma subdural agudo <\/span><span style=\"font-weight: 400\">\u2014 <\/span><span style=\"font-weight: 400\">ac\u00famulo de sangue entre o c\u00e9rebro e o cr\u00e2nio. <\/span><\/p>\n<p>&nbsp;<\/p>\n<p><span style=\"font-weight: 400\">Conforme boletim m\u00e9dico desta tarde, por\u00e9m, o controle tomogr\u00e1fico apontou que, nas \u00faltimas 24 horas, n\u00e3o houve crescimento do hematoma. \u201cO paciente encontra-se consciente e orientado, sem qualquer d\u00e9ficit neurol\u00f3gico\u201d. Dessa forma, Arruda ser\u00e1 transferido para a unidade semi-intensiva. <\/span><\/p>\n","protected":false},"excerpt":{"rendered":"<p>O ex-governador Jos\u00e9 Roberto Arruda (PR) deixar\u00e1 a unidade de terapia intensiva (UTI) do Hospital Santa L\u00facia nesta ter\u00e7a-feira (04\/09), de acordo com boletim m\u00e9dico emitido \u00e0s 14h30 e divulgado pela assessoria de imprensa do centro hospitalar. &nbsp; Arruda est\u00e1 internado desde a manh\u00e3 desta segunda-feira, quando sofreu um acidente de bicicleta. Ele perdeu o [&hellip;]<\/p>\n","protected":false},"author":90,"featured_media":8410,"comment_status":"open","ping_status":"closed","sticky":false,"template":"","format":"standard","meta":{"wpb_read_more":[],"footnotes":""},"categories":[234],"tags":[1470,807,1259,607],"class_list":["post-12781","post","type-post","status-publish","format-standard","has-post-thumbnail","hentry","category-cb-poder","tag-bicicleta","tag-eleicoes-2018","tag-jose-roberto-arruda","tag-uti"],"_links":{"self":[{"href":"https:\/\/blogs2.correiobraziliense.com.br\/cbpoder\/wp-json\/wp\/v2\/posts\/12781","targetHints":{"allow":["GET"]}}],"collection":[{"href":"https:\/\/blogs2.correiobraziliense.com.br\/cbpoder\/wp-json\/wp\/v2\/posts"}],"about":[{"href":"https:\/\/blogs2.correiobraziliense.com.br\/cbpoder\/wp-json\/wp\/v2\/types\/post"}],"author":[{"embeddable":true,"href":"https:\/\/blogs2.correiobraziliense.com.br\/cbpoder\/wp-json\/wp\/v2\/users\/90"}],"replies":[{"embeddable":true,"href":"https:\/\/blogs2.correiobraziliense.com.br\/cbpoder\/wp-json\/wp\/v2\/comments?post=12781"}],"version-history":[{"count":1,"href":"https:\/\/blogs2.correiobraziliense.com.br\/cbpoder\/wp-json\/wp\/v2\/posts\/12781\/revisions"}],"predecessor-version":[{"id":12782,"href":"https:\/\/blogs2.correiobraziliense.com.br\/cbpoder\/wp-json\/wp\/v2\/posts\/12781\/revisions\/12782"}],"wp:featuredmedia":[{"embeddable":true,"href":"https:\/\/blogs2.correiobraziliense.com.br\/cbpoder\/wp-json\/wp\/v2\/media\/8410"}],"wp:attachment":[{"href":"https:\/\/blogs2.correiobraziliense.com.br\/cbpoder\/wp-json\/wp\/v2\/media?parent=12781"}],"wp:term":[{"taxonomy":"category","embeddable":true,"href":"https:\/\/blogs2.correiobraziliense.com.br\/cbpoder\/wp-json\/wp\/v2\/categories?post=12781"},{"taxonomy":"post_tag","embeddable":true,"href":"https:\/\/blogs2.correiobraziliense.com.br\/cbpoder\/wp-json\/wp\/v2\/tags?post=12781"}],"curies":[{"name":"wp","href":"https:\/\/api.w.org\/{rel}","templated":true}]}}