{"id":12784,"date":"2018-09-04T19:52:02","date_gmt":"2018-09-04T22:52:02","guid":{"rendered":"https:\/\/blogs2.correiobraziliense.com.br\/cbpoder\/?p=12784"},"modified":"2018-09-04T19:52:02","modified_gmt":"2018-09-04T22:52:02","slug":"alberto-fraga-critica-greves-anuais-do-sinpro-df-e-afirma-que-dialogo-com-sindicatos-politico-partidarios-sera-dificil","status":"publish","type":"post","link":"https:\/\/blogs2.correiobraziliense.com.br\/cbpoder\/alberto-fraga-critica-greves-anuais-do-sinpro-df-e-afirma-que-dialogo-com-sindicatos-politico-partidarios-sera-dificil\/","title":{"rendered":"Fraga critica \u201cgreves anuais\u201d do Sinpro-DF e afirma que di\u00e1logo com &#8220;sindicatos pol\u00edtico-partid\u00e1rios&#8221; ser\u00e1 dif\u00edcil"},"content":{"rendered":"<p><b>PEDRO GRIGORI<\/b><\/p>\n<p>&nbsp;<\/p>\n<p><span style=\"font-weight: 400\">Cr\u00edticas a sindicatos e debates sobre reajustes aos servidores p\u00fablicos fizeram parte da agenda do candidato a governador Alberto Fraga (DEM) nesta ter\u00e7a-feira (4\/9). O deputado federal se reuniu, no Comit\u00ea de Campanha do Democratas, com servidores administrativos da Educa\u00e7\u00e3o P\u00fablica do Distrito Federal, que reclamam da baixa valoriza\u00e7\u00e3o e da falta de benef\u00edcios. <\/span><\/p>\n<p>&nbsp;<\/p>\n<p><span style=\"font-weight: 400\">Fraga assumiu compromisso de conceder plano de sa\u00fade \u00e0 categoria, que inclui, entre outras fun\u00e7\u00f5es, funcion\u00e1rios respons\u00e1veis pelos aux\u00edlios escolares e administrativos nos col\u00e9gios da rede p\u00fablica. O democrata afirmou que n\u00e3o far\u00e1 promessas relacionadas a reajustes salariais antes de chegar ao Pal\u00e1cio do Buriti. <\/span><\/p>\n<p>&nbsp;<\/p>\n<blockquote><p><span style=\"font-weight: 400\">As paralisa\u00e7\u00f5es de professores e rodovi\u00e1rios deram o tom da reuni\u00e3o. Fraga prometeu ouvir os sindicatos que se preocupem com a categoria, mas disse que o di\u00e1logo ser\u00e1 dif\u00edcil se as entidades de classe colocarem \u201cideologias e pol\u00edticas partid\u00e1rias acima dos interesses da classe\u201d. \u201cUm exemplo \u00e9 o Sinpro. Parece que eles colocam no calend\u00e1rio deles que tem que ter uma greve por ano para deixar nossas crian\u00e7as sem aula\u201d, comentou. <\/span><\/p>\n<p>&nbsp;<\/p><\/blockquote>\n<p><span style=\"font-weight: 400\">O deputado federal detalhou como ser\u00e1 o di\u00e1logo com as entidades de classe. \u201cN\u00e3o vou me negar a conversar com ningu\u00e9m. Quer discutir reajuste salarial? Mostro a minha planilha, o que tem de dinheiro e o que \u00e9 poss\u00edvel fazer. N\u00e3o vou fazer m\u00e1gica, nem enganar ningu\u00e9m\u201d, explicou. <\/span><\/p>\n<p>&nbsp;<\/p>\n<p><span style=\"font-weight: 400\">Fraga ainda destacou o di\u00e1logo que teve com o Sindicato dos Rodovi\u00e1rios quando ocupou a cadeira de secret\u00e1rio de Transportes, entre 2007 e 2010. O democrata afirmou que, antes de assumir a pasta, os rodovi\u00e1rios faziam \u201cgreve todo ano para ter aumento das passagens e eles receberem aumento tamb\u00e9m\u201d. \u201cMostrei que n\u00e3o era aquilo que eles diziam. O sindicato est\u00e1 ali para representar a categoria, e n\u00e3o os interesses pr\u00f3prios\u201d. <\/span><\/p>\n<h2><\/h2>\n<h2><b>Promessas de reajuste<\/b><\/h2>\n<p>&nbsp;<\/p>\n<p><span style=\"font-weight: 400\">Ap\u00f3s troca de farpas entre os candidatos ao GDF Rodrigo Rollemberg (PSB) e Rog\u00e9rio Rosso (PSD) sobre o reajuste dos servidores p\u00fablicos e a concess\u00e3o da paridade entre as pol\u00edcias Civil e Federal, Fraga preferiu ter cautela antes de prometer aumentos. \u201cN\u00e3o sou irrespons\u00e1vel ao ponto de dizer que vou dar a paridade no primeiro dia de governo\u201d, alfinetou, em rela\u00e7\u00e3o a promessa de Rosso no debate do <\/span><b>Correio Braziliense<\/b><span style=\"font-weight: 400\">. <\/span><\/p>\n<p>&nbsp;<\/p>\n<p><span style=\"font-weight: 400\">O democrata completou dizendo que ouviu t\u00e9cnicos que afirmam que h\u00e1 possibilidade de dar a paridade, utilizando recursos da Uni\u00e3o Federal. \u201cHoje, j\u00e1 tem n\u00fameros que dizem que a paridade custaria R$ 600 milh\u00f5es. Por isso, terei cautela de n\u00e3o anunciar alguma coisa antes de conhecer a realidade\u201d.<\/span><\/p>\n","protected":false},"excerpt":{"rendered":"<p>PEDRO GRIGORI &nbsp; Cr\u00edticas a sindicatos e debates sobre reajustes aos servidores p\u00fablicos fizeram parte da agenda do candidato a governador Alberto Fraga (DEM) nesta ter\u00e7a-feira (4\/9). O deputado federal se reuniu, no Comit\u00ea de Campanha do Democratas, com servidores administrativos da Educa\u00e7\u00e3o P\u00fablica do Distrito Federal, que reclamam da baixa valoriza\u00e7\u00e3o e da falta [&hellip;]<\/p>\n","protected":false},"author":90,"featured_media":12785,"comment_status":"open","ping_status":"closed","sticky":false,"template":"","format":"standard","meta":{"wpb_read_more":[],"footnotes":""},"categories":[234],"tags":[807,1020,288,660,1471],"class_list":["post-12784","post","type-post","status-publish","format-standard","has-post-thumbnail","hentry","category-cb-poder","tag-eleicoes-2018","tag-funcionalismo","tag-reajuste","tag-sindicatos","tag-sinpro-df"],"_links":{"self":[{"href":"https:\/\/blogs2.correiobraziliense.com.br\/cbpoder\/wp-json\/wp\/v2\/posts\/12784","targetHints":{"allow":["GET"]}}],"collection":[{"href":"https:\/\/blogs2.correiobraziliense.com.br\/cbpoder\/wp-json\/wp\/v2\/posts"}],"about":[{"href":"https:\/\/blogs2.correiobraziliense.com.br\/cbpoder\/wp-json\/wp\/v2\/types\/post"}],"author":[{"embeddable":true,"href":"https:\/\/blogs2.correiobraziliense.com.br\/cbpoder\/wp-json\/wp\/v2\/users\/90"}],"replies":[{"embeddable":true,"href":"https:\/\/blogs2.correiobraziliense.com.br\/cbpoder\/wp-json\/wp\/v2\/comments?post=12784"}],"version-history":[{"count":1,"href":"https:\/\/blogs2.correiobraziliense.com.br\/cbpoder\/wp-json\/wp\/v2\/posts\/12784\/revisions"}],"predecessor-version":[{"id":12786,"href":"https:\/\/blogs2.correiobraziliense.com.br\/cbpoder\/wp-json\/wp\/v2\/posts\/12784\/revisions\/12786"}],"wp:featuredmedia":[{"embeddable":true,"href":"https:\/\/blogs2.correiobraziliense.com.br\/cbpoder\/wp-json\/wp\/v2\/media\/12785"}],"wp:attachment":[{"href":"https:\/\/blogs2.correiobraziliense.com.br\/cbpoder\/wp-json\/wp\/v2\/media?parent=12784"}],"wp:term":[{"taxonomy":"category","embeddable":true,"href":"https:\/\/blogs2.correiobraziliense.com.br\/cbpoder\/wp-json\/wp\/v2\/categories?post=12784"},{"taxonomy":"post_tag","embeddable":true,"href":"https:\/\/blogs2.correiobraziliense.com.br\/cbpoder\/wp-json\/wp\/v2\/tags?post=12784"}],"curies":[{"name":"wp","href":"https:\/\/api.w.org\/{rel}","templated":true}]}}